{"id":1025,"date":"2013-02-07T17:54:55","date_gmt":"2013-02-07T17:54:55","guid":{"rendered":"http:\/\/www.cgt-hopital-manosque.fr\/?p=1025"},"modified":"2013-02-07T18:01:28","modified_gmt":"2013-02-07T18:01:28","slug":"8-fevrier-2013-le-reclassement-des-cadres-et-cadres-superieurs-de-sante-ne-repond-pas-aux-revendications","status":"publish","type":"post","link":"http:\/\/www.cgt-hopital-manosque.fr\/?p=1025","title":{"rendered":"8 f\u00e9vrier 2013 &#8211; Le reclassement des cadres et cadres sup\u00e9rieurs de sant\u00e9 ne r\u00e9pond pas aux revendications"},"content":{"rendered":"<p>Pour lire le tract de la CGT,  <strong><a href=\"http:\/\/www.cgt-hopital-manosque.fr\/wp-content\/uploads\/2013\/02\/97.-Tract-droit-doption.pdf\">cliquer ici<\/a><\/strong><\/p>\n","protected":false},"excerpt":{"rendered":"<p>Pour lire le tract de la CGT, cliquer ici<\/p>\n","protected":false},"author":1,"featured_media":0,"comment_status":"closed","ping_status":"open","sticky":false,"template":"","format":"standard","meta":{"footnotes":""},"categories":[7],"tags":[],"views":2312,"_links":{"self":[{"href":"http:\/\/www.cgt-hopital-manosque.fr\/index.php?rest_route=\/wp\/v2\/posts\/1025"}],"collection":[{"href":"http:\/\/www.cgt-hopital-manosque.fr\/index.php?rest_route=\/wp\/v2\/posts"}],"about":[{"href":"http:\/\/www.cgt-hopital-manosque.fr\/index.php?rest_route=\/wp\/v2\/types\/post"}],"author":[{"embeddable":true,"href":"http:\/\/www.cgt-hopital-manosque.fr\/index.php?rest_route=\/wp\/v2\/users\/1"}],"replies":[{"embeddable":true,"href":"http:\/\/www.cgt-hopital-manosque.fr\/index.php?rest_route=%2Fwp%2Fv2%2Fcomments&post=1025"}],"version-history":[{"count":2,"href":"http:\/\/www.cgt-hopital-manosque.fr\/index.php?rest_route=\/wp\/v2\/posts\/1025\/revisions"}],"predecessor-version":[{"id":1028,"href":"http:\/\/www.cgt-hopital-manosque.fr\/index.php?rest_route=\/wp\/v2\/posts\/1025\/revisions\/1028"}],"wp:attachment":[{"href":"http:\/\/www.cgt-hopital-manosque.fr\/index.php?rest_route=%2Fwp%2Fv2%2Fmedia&parent=1025"}],"wp:term":[{"taxonomy":"category","embeddable":true,"href":"http:\/\/www.cgt-hopital-manosque.fr\/index.php?rest_route=%2Fwp%2Fv2%2Fcategories&post=1025"},{"taxonomy":"post_tag","embeddable":true,"href":"http:\/\/www.cgt-hopital-manosque.fr\/index.php?rest_route=%2Fwp%2Fv2%2Ftags&post=1025"}],"curies":[{"name":"wp","href":"https:\/\/api.w.org\/{rel}","templated":true}]}}