{"id":1045,"date":"2013-02-18T18:57:53","date_gmt":"2013-02-18T18:57:53","guid":{"rendered":"http:\/\/www.cgt-hopital-manosque.fr\/?p=1045"},"modified":"2013-02-18T19:04:50","modified_gmt":"2013-02-18T19:04:50","slug":"19-fevrier-2013-la-participation-de-lusds-04-aux-assises-de-la-discrimination","status":"publish","type":"post","link":"http:\/\/www.cgt-hopital-manosque.fr\/?p=1045","title":{"rendered":"19 f\u00e9vrier 2013 &#8211; La participation de l&rsquo;USDS 04 aux assises de la discrimination"},"content":{"rendered":"<p>Les assises sur la discrimination organis\u00e9es pas la F\u00e9d\u00e9ration CGT Sant\u00e9  se sont d\u00e9roul\u00e9es le 7 f\u00e9vrier 2013 \u00e0 Montreuil en pr\u00e9sence de Bernard Thibault, d\u2019un pr\u00e9sident d&rsquo;universit\u00e9, d&rsquo;une d\u00e9fenseure des droits, de l&rsquo;association Lesbienne Gay Bi Trans (LGBT)&#8230;&#8230;..de Marc Lavoine et de  nombreux invit\u00e9s.<br \/>\n350 personnes ont assist\u00e9 a cette journ\u00e9e tr\u00e8s bien organis\u00e9e et fort enrichissante. De nombreux t\u00e9moignages plus marquants les uns que les autres confirment la n\u00e9cessit\u00e9 de notre lutte dans ce domaine.<br \/>\nNous \u00e9tions 4 de la CGT de notre d\u00e9partement \u00e0 pr\u00e9senter \u00e0 cette occasion le film que nous avons r\u00e9alis\u00e9 sur une discrimination sp\u00e9cifique faite aux femmes lors de leur grossesse.<br \/>\nNotre intervention \u00e0 la tribune a permis de faire prendre en compte cette sorte de discrimination qui malheureusement se banalise mais qui rappelons le n\u2019est qu\u2019un choix r\u00e9alis\u00e9 par chaque \u00e9tablissement.<br \/>\nLe gel de la note durant la p\u00e9riode de grossesse impacte directement l&rsquo;avancement d&rsquo;\u00e9chelon et de grade dans la  carri\u00e8re des femmes,  leur salaire, leur prime de service et le montant de la pension de retraite et dans les entreprises priv\u00e9es  la grossesse est encore v\u00e9cue comme un handicap dans  l&#8217;emploi.<\/p>\n<p>Ci-joint un r\u00e9sum\u00e9 de la participation de l&rsquo;USDS 04, pour le lire,  <strong><a href=\"http:\/\/www.cgt-hopital-manosque.fr\/wp-content\/uploads\/2013\/02\/100.-Discrimination-salariale-grossesse-assises-7-f\u00e9vrier.pdf\">cliquer ici<\/a><\/strong><\/p>\n<p>Ci-joint 3 photos des coll\u00e8gues du 04 lors de ce congr\u00e8s, qui ont pu discuter avec Marc Lavoine, Bernard Thibaut, ainsi qu&rsquo;\u00e0 la tribune.<\/p>\n<p><a href=\"http:\/\/www.cgt-hopital-manosque.fr\/wp-content\/uploads\/2013\/02\/100.-Evelyne-et-Marc-Lavoine.jpg\"><img loading=\"lazy\" decoding=\"async\" src=\"http:\/\/www.cgt-hopital-manosque.fr\/wp-content\/uploads\/2013\/02\/100.-Evelyne-et-Marc-Lavoine.jpg\" alt=\"Photo 1\" width=\"2448\" height=\"3264\" class=\"aligncenter size-full wp-image-1047\" srcset=\"http:\/\/www.cgt-hopital-manosque.fr\/wp-content\/uploads\/2013\/02\/100.-Evelyne-et-Marc-Lavoine.jpg 2448w, http:\/\/www.cgt-hopital-manosque.fr\/wp-content\/uploads\/2013\/02\/100.-Evelyne-et-Marc-Lavoine-225x300.jpg 225w, http:\/\/www.cgt-hopital-manosque.fr\/wp-content\/uploads\/2013\/02\/100.-Evelyne-et-Marc-Lavoine-768x1024.jpg 768w\" sizes=\"(max-width: 2448px) 100vw, 2448px\" \/><\/a><\/p>\n<p><a href=\"http:\/\/www.cgt-hopital-manosque.fr\/wp-content\/uploads\/2013\/02\/100.-Evelyne-et-Bernard-Thibaut.jpg\"><img loading=\"lazy\" decoding=\"async\" src=\"http:\/\/www.cgt-hopital-manosque.fr\/wp-content\/uploads\/2013\/02\/100.-Evelyne-et-Bernard-Thibaut.jpg\" alt=\"Photo 2\" width=\"2448\" height=\"3264\" class=\"aligncenter size-full wp-image-1050\" srcset=\"http:\/\/www.cgt-hopital-manosque.fr\/wp-content\/uploads\/2013\/02\/100.-Evelyne-et-Bernard-Thibaut.jpg 2448w, http:\/\/www.cgt-hopital-manosque.fr\/wp-content\/uploads\/2013\/02\/100.-Evelyne-et-Bernard-Thibaut-225x300.jpg 225w, http:\/\/www.cgt-hopital-manosque.fr\/wp-content\/uploads\/2013\/02\/100.-Evelyne-et-Bernard-Thibaut-768x1024.jpg 768w\" sizes=\"(max-width: 2448px) 100vw, 2448px\" \/><\/a><\/p>\n<p><a href=\"http:\/\/www.cgt-hopital-manosque.fr\/wp-content\/uploads\/2013\/02\/100.-Ghis-\u00e0-la-tribune.jpg\"><img loading=\"lazy\" decoding=\"async\" src=\"http:\/\/www.cgt-hopital-manosque.fr\/wp-content\/uploads\/2013\/02\/100.-Ghis-\u00e0-la-tribune.jpg\" alt=\"Photo 3\" width=\"3888\" height=\"2592\" class=\"aligncenter size-full wp-image-1052\" srcset=\"http:\/\/www.cgt-hopital-manosque.fr\/wp-content\/uploads\/2013\/02\/100.-Ghis-\u00e0-la-tribune.jpg 3888w, http:\/\/www.cgt-hopital-manosque.fr\/wp-content\/uploads\/2013\/02\/100.-Ghis-\u00e0-la-tribune-300x200.jpg 300w, http:\/\/www.cgt-hopital-manosque.fr\/wp-content\/uploads\/2013\/02\/100.-Ghis-\u00e0-la-tribune-1024x682.jpg 1024w\" sizes=\"(max-width: 3888px) 100vw, 3888px\" \/><\/a><\/p>\n","protected":false},"excerpt":{"rendered":"<p>Les assises sur la discrimination organis\u00e9es pas la F\u00e9d\u00e9ration CGT Sant\u00e9 se sont d\u00e9roul\u00e9es le 7 f\u00e9vrier 2013 \u00e0 Montreuil en pr\u00e9sence de Bernard Thibault, d\u2019un pr\u00e9sident d&rsquo;universit\u00e9, d&rsquo;une d\u00e9fenseure des droits, de l&rsquo;association Lesbienne Gay Bi Trans (LGBT)&#8230;&#8230;..de Marc Lavoine et de nombreux invit\u00e9s. 350 personnes ont assist\u00e9 a cette journ\u00e9e tr\u00e8s bien organis\u00e9e [&hellip;]<\/p>\n","protected":false},"author":1,"featured_media":0,"comment_status":"closed","ping_status":"open","sticky":false,"template":"","format":"standard","meta":{"footnotes":""},"categories":[7],"tags":[],"views":2365,"_links":{"self":[{"href":"http:\/\/www.cgt-hopital-manosque.fr\/index.php?rest_route=\/wp\/v2\/posts\/1045"}],"collection":[{"href":"http:\/\/www.cgt-hopital-manosque.fr\/index.php?rest_route=\/wp\/v2\/posts"}],"about":[{"href":"http:\/\/www.cgt-hopital-manosque.fr\/index.php?rest_route=\/wp\/v2\/types\/post"}],"author":[{"embeddable":true,"href":"http:\/\/www.cgt-hopital-manosque.fr\/index.php?rest_route=\/wp\/v2\/users\/1"}],"replies":[{"embeddable":true,"href":"http:\/\/www.cgt-hopital-manosque.fr\/index.php?rest_route=%2Fwp%2Fv2%2Fcomments&post=1045"}],"version-history":[{"count":5,"href":"http:\/\/www.cgt-hopital-manosque.fr\/index.php?rest_route=\/wp\/v2\/posts\/1045\/revisions"}],"predecessor-version":[{"id":1054,"href":"http:\/\/www.cgt-hopital-manosque.fr\/index.php?rest_route=\/wp\/v2\/posts\/1045\/revisions\/1054"}],"wp:attachment":[{"href":"http:\/\/www.cgt-hopital-manosque.fr\/index.php?rest_route=%2Fwp%2Fv2%2Fmedia&parent=1045"}],"wp:term":[{"taxonomy":"category","embeddable":true,"href":"http:\/\/www.cgt-hopital-manosque.fr\/index.php?rest_route=%2Fwp%2Fv2%2Fcategories&post=1045"},{"taxonomy":"post_tag","embeddable":true,"href":"http:\/\/www.cgt-hopital-manosque.fr\/index.php?rest_route=%2Fwp%2Fv2%2Ftags&post=1045"}],"curies":[{"name":"wp","href":"https:\/\/api.w.org\/{rel}","templated":true}]}}