{"id":1056,"date":"2013-02-21T20:03:18","date_gmt":"2013-02-21T20:03:18","guid":{"rendered":"http:\/\/www.cgt-hopital-manosque.fr\/?p=1056"},"modified":"2013-02-21T20:03:18","modified_gmt":"2013-02-21T20:03:18","slug":"22-fevrier-2013-lhistoire-qui-aide-a-comprendre-le-present","status":"publish","type":"post","link":"http:\/\/www.cgt-hopital-manosque.fr\/?p=1056","title":{"rendered":"22 f\u00e9vrier 2013 &#8211; L&rsquo;histoire qui aide \u00e0 comprendre le pr\u00e9sent&#8230;"},"content":{"rendered":"<p style= \"text-align: justify;\">\n<p>Le billet de Robert <\/p>\n<p>Depuis quelques semaines, la CFDT se signale \u00e0 l\u2019attention de l\u2019opinion publique, par :<\/p>\n<p>-le d\u00e9part de son secr\u00e9taire g\u00e9n\u00e9ral Fran\u00e7ois Ch\u00e9r\u00e8que et sa transformation imm\u00e9diate en agent pr\u00e9bend\u00e9 de l\u2019Etat,<\/p>\n<p>-sa signature d\u2019un accord national minoritaire, dit de s\u00e9curisation de l\u2019emploi, avec le MEDEF,<\/p>\n<p>-la d\u00e9claration de son nouveau secr\u00e9taire g\u00e9n\u00e9ral, Laurent Berger, accusant la CGT d\u2019\u00eatre coresponsable, avec l\u2019employeur, du projet de fermeture de l\u2019usine Goodyear d\u2019Amiens.<br \/>\nTant d\u2019actualit\u00e9 aussi n\u00e9gative pour les salari\u00e9s, \u00e0 mes yeux, m\u2019a incit\u00e9 \u00e0 aller voir ce qui pouvait expliquer que cette centrale syndicale signe r\u00e9guli\u00e8rement des accords dans le dos des salari\u00e9s et se livre de plus en plus \u00e0 des attaques frontales contre la CGT.<\/p>\n<p>Pour ce faire, j\u2019ai cherch\u00e9 \u00e0 savoir quel avait \u00e9t\u00e9 le parcours des secr\u00e9taires g\u00e9n\u00e9raux des organisations syndicales repr\u00e9sentatives (CFDT, CFTC, CGC, CGT, FO) depuis les ann\u00e9es 60 jusqu\u2019\u00e0 aujourd\u2019hui, apr\u00e8s qu\u2019ils aient quitt\u00e9 leurs fonctions \u00e0 la t\u00eate de leur centrale syndicale.<\/p>\n<p>L\u00e0, je suis all\u00e9 de stupeur en stupeur.<\/p>\n<p>Hormis ceux de la CFDT, tous les ex-secr\u00e9taires g\u00e9n\u00e9raux ou pr\u00e9sidents des autres conf\u00e9d\u00e9rations syndicales sont rest\u00e9s dans leur organisation ou dans des associations qui leur sont proches. Bref, ils n\u2019ont pas fait carri\u00e8re.<\/p>\n<p>A l\u2019inverse, tous les ex dirigeants de la CFDT, \u00e0 l\u2019exception d\u2019Eug\u00e8ne Descamps, qui fut secr\u00e9taire g\u00e9n\u00e9ral de la CFDT jusqu\u2019en 1971, se sont retrouv\u00e9s \u00e0 la t\u00eate d\u2019entreprises priv\u00e9es ou ont \u00e9t\u00e9 nomm\u00e9s \u00e0 des postes de hautes responsabilit\u00e9s dans des organismes publics.<\/p>\n<p>A noter qu\u2019Eug\u00e8ne Descamps a \u00e9t\u00e9, et de loin, le secr\u00e9taire g\u00e9n\u00e9ral de la CFDT le plus unitaire. Il n\u2019y a donc pas de hasard \u00e0 ce que cet homme soit demeur\u00e9 fid\u00e8le \u00e0 ses engagements syndicaux, une fois d\u00e9charg\u00e9 de responsabilit\u00e9.<\/p>\n<p>Mais voyons quel fut le parcours de ses successeurs, dans les m\u00eames circonstances.<\/p>\n<p>Commen\u00e7ons par le premier, Edmond Maire. Il fut secr\u00e9taire g\u00e9n\u00e9ral de la CFDT de 1971 \u00e0 1988. Par la suite, il a \u00e9t\u00e9 pr\u00e9sident de Villages Vacances Familles, devenu Belambra Clubs apr\u00e8s avoir \u00e9t\u00e9 privatis\u00e9 en juillet 2006, puis pr\u00e9sident de la soci\u00e9t\u00e9 d\u2019investissement solidaire France Active (association d\u2019insertion et d\u2019aide \u00e0 la cr\u00e9ation d\u2019entreprise).<\/p>\n<p>Edmond Maire a \u00e9t\u00e9 remplac\u00e9, de 1988 jusqu\u2019en 1992, par Jean Kaspar.<\/p>\n<p>De 1993 \u00e0 1996, celui-ci a \u00e9t\u00e9 conseiller social \u00e0 l&rsquo;ambassade de France \u00e0 Washington. Il est, depuis 10 ans, consultant en strat\u00e9gies sociales et g\u00e9rant de \u00ab J.K consultant \u00bb \u00e0 Paris. Il est par ailleurs vice-pr\u00e9sident de l&rsquo;Observatoire social international et li\u00e9 \u00e0 Entreprise et Personnel, un club RH (ressources humaines) regroupant plusieurs grandes entreprises fran\u00e7aises. Il est aussi intervenant expert pour Entreprise &#038; Personnel, APM (Association Progr\u00e8s du Management) et GERME (Groupes d&rsquo;Entra\u00eenement et de R\u00e9flexion au Management des Entreprises). Il est conseiller de la Fondation pour l\u2019innovation politique. La Fondapol est un cercle de r\u00e9flexion lib\u00e9ral, fond\u00e9 par l\u2019UMP, dirig\u00e9 par Dominique Reyni\u00e9 (un des habitu\u00e9s de l\u2019\u00e9mission de la 5 \u00ab C dans l\u2019air \u00bb). Jean Kaspar a aussi \u00e9t\u00e9 membre de la Commission Attali mise en place par Nicolas Sarkozy. Le 19 mars 2012, il a \u00e9t\u00e9 nomm\u00e9 pr\u00e9sident de la Commission du Grand Dialogue de La Poste par Jean-Paul Bailly, le P D-G.<\/p>\n<p>J\u2019en arrive maintenant \u00e0 Nicole Notat. Elle fut secr\u00e9taire g\u00e9n\u00e9rale de la CFDT de 1992 \u00e0 2002.<\/p>\n<p>D\u00e8s 2002, elle a \u00e9t\u00e9 port\u00e9e \u00e0 la t\u00eate de Vigeo, soci\u00e9t\u00e9 europ\u00e9enne d&rsquo;\u00e9valuation des performances sociales et environnementales des entreprises. Parmi les actionnaires on y trouve toutes les grandes banques fran\u00e7aises, de grandes soci\u00e9t\u00e9s, des fonds de pension. Depuis le 1er janvier 2011, elle pr\u00e9side le c\u00e9l\u00e8bre club Le Si\u00e8cle, dont font partie tous les dirigeants des grandes soci\u00e9t\u00e9s fran\u00e7aises. Elle est membre du groupe de r\u00e9flexion sur l\u2019avenir de l\u2019Europe, nomm\u00e9e par le Conseil europ\u00e9en. Elle est membre du conseil d\u2019administration de la Coface (Compagnie fran\u00e7aise d&rsquo;assurance pour le commerce ext\u00e9rieur) et du conseil de surveillance du Monde SA. Bref, tout va bien pour elle. Et, il ne s\u2019agit-l\u00e0 que d\u2019un r\u00e9sum\u00e9 de ses fonctions.<\/p>\n<p>Passons maintenant au petit dernier, Fran\u00e7ois Ch\u00e9r\u00e8que, secr\u00e9taire g\u00e9n\u00e9ral de la CFDT jusqu\u2019en d\u00e9cembre 2012. <\/p>\n<p>Rassurez-vous, \u00e7a commence bien pour lui. Le 3 janvier 2013, il a \u00e9t\u00e9 nomm\u00e9 inspecteur g\u00e9n\u00e9ral des Affaires sociales. Il est \u00e9galement pr\u00e9sident du think-tank social-lib\u00e9ral Terra Nova. N\u2019en doutons pas, ce n\u2019est qu\u2019un d\u00e9but. Le jeune homme ira bien plus haut et plus loin. Comme ses pr\u00e9d\u00e9cesseurs, il a bien pr\u00e9par\u00e9 le terrain, du temps o\u00f9 il \u00e9tait secr\u00e9taire g\u00e9n\u00e9ral de la CFDT.<\/p>\n<p>M\u2019est avis que son successeur, Laurent Berger, a bien compris la le\u00e7on. Je dirais m\u00eame plus, il l\u2019a vite apprise. En l\u2019espace d\u2019un mois, il a trouv\u00e9 le moyen d\u2019accepter de signer un accord sc\u00e9l\u00e9rat dans le dos des salari\u00e9s, alors qu\u2019il sait parfaitement que son organisation m\u00eame avec l\u2019apport de la CFTC et de la CGC, ne repr\u00e9sentent que 38,70 % des voix des salari\u00e9s, alors que les deux syndicats non signataires, la CGT et FO, p\u00e8sent 49,79 %. Et que si on y ajoute les voix des syndicats Sud-Solidaires et FSU, non convi\u00e9s \u00e0 la n\u00e9gociation, mais r\u00e9solument contre l\u2019accord, nous arrivons \u00e0 55,67 % des voix des salari\u00e9s contre. A la CFDT, on appelle \u00e7a, respecter la d\u00e9mocratie. Mais Laurent Berger ne s\u2019en n\u2019est pas tenu l\u00e0. Cette semaine, il a donn\u00e9 un coup de poignard dans le dos de la CGT, l\u2019accusant d\u2019\u00eatre coresponsable, avec l\u2019employeur, de la d\u00e9cision de fermeture de l\u2019entreprise Goodyear \u00e0 Amiens.<\/p>\n<p>On ne m\u2019\u00f4tera pas de l\u2019id\u00e9e que, alors qu\u2019ils sont en poste \u00e0 la t\u00eate de leur conf\u00e9d\u00e9ration, les secr\u00e9taires g\u00e9n\u00e9raux, depuis Edmond Maire, mais surtout depuis Jean Kaspar, pensent \u00e0 la meilleure mani\u00e8re d\u2019atterrir lorsqu\u2019ils ne le seront plus. Il s\u2019agit, pour eux, de donner des gages \u00e0 leurs futurs employeurs. Ce sont des carri\u00e9ristes. C\u2019est la raison pour laquelle, syst\u00e9matiquement et de plus en plus, la CFDT accepte de signer l\u2019inacceptable, sans tenir compte de l\u2019avis de la majorit\u00e9 des salari\u00e9s.<\/p>\n<p>Ainsi va leur parodie de d\u00e9mocratie.<\/p>\n","protected":false},"excerpt":{"rendered":"<p>Le billet de Robert Depuis quelques semaines, la CFDT se signale \u00e0 l\u2019attention de l\u2019opinion publique, par : -le d\u00e9part de son secr\u00e9taire g\u00e9n\u00e9ral Fran\u00e7ois Ch\u00e9r\u00e8que et sa transformation imm\u00e9diate en agent pr\u00e9bend\u00e9 de l\u2019Etat, -sa signature d\u2019un accord national minoritaire, dit de s\u00e9curisation de l\u2019emploi, avec le MEDEF, -la d\u00e9claration de son nouveau secr\u00e9taire [&hellip;]<\/p>\n","protected":false},"author":1,"featured_media":0,"comment_status":"closed","ping_status":"open","sticky":false,"template":"","format":"standard","meta":{"footnotes":""},"categories":[1],"tags":[],"views":2090,"_links":{"self":[{"href":"http:\/\/www.cgt-hopital-manosque.fr\/index.php?rest_route=\/wp\/v2\/posts\/1056"}],"collection":[{"href":"http:\/\/www.cgt-hopital-manosque.fr\/index.php?rest_route=\/wp\/v2\/posts"}],"about":[{"href":"http:\/\/www.cgt-hopital-manosque.fr\/index.php?rest_route=\/wp\/v2\/types\/post"}],"author":[{"embeddable":true,"href":"http:\/\/www.cgt-hopital-manosque.fr\/index.php?rest_route=\/wp\/v2\/users\/1"}],"replies":[{"embeddable":true,"href":"http:\/\/www.cgt-hopital-manosque.fr\/index.php?rest_route=%2Fwp%2Fv2%2Fcomments&post=1056"}],"version-history":[{"count":1,"href":"http:\/\/www.cgt-hopital-manosque.fr\/index.php?rest_route=\/wp\/v2\/posts\/1056\/revisions"}],"predecessor-version":[{"id":1057,"href":"http:\/\/www.cgt-hopital-manosque.fr\/index.php?rest_route=\/wp\/v2\/posts\/1056\/revisions\/1057"}],"wp:attachment":[{"href":"http:\/\/www.cgt-hopital-manosque.fr\/index.php?rest_route=%2Fwp%2Fv2%2Fmedia&parent=1056"}],"wp:term":[{"taxonomy":"category","embeddable":true,"href":"http:\/\/www.cgt-hopital-manosque.fr\/index.php?rest_route=%2Fwp%2Fv2%2Fcategories&post=1056"},{"taxonomy":"post_tag","embeddable":true,"href":"http:\/\/www.cgt-hopital-manosque.fr\/index.php?rest_route=%2Fwp%2Fv2%2Ftags&post=1056"}],"curies":[{"name":"wp","href":"https:\/\/api.w.org\/{rel}","templated":true}]}}