{"id":1058,"date":"2013-02-25T20:34:25","date_gmt":"2013-02-25T20:34:25","guid":{"rendered":"http:\/\/www.cgt-hopital-manosque.fr\/?p=1058"},"modified":"2013-02-25T20:34:25","modified_gmt":"2013-02-25T20:34:25","slug":"26-fevrier-2013-abrogation-du-jour-de-carence-laction-collective-paye","status":"publish","type":"post","link":"http:\/\/www.cgt-hopital-manosque.fr\/?p=1058","title":{"rendered":"26 f\u00e9vrier 2013 &#8211;  Abrogation du jour de carence : l\u2019action collective paye !"},"content":{"rendered":"<p style= \"text-align: justify;\">\n<p>La ministre de la Fonction publique vient enfin d\u2019annoncer l\u2019abrogation du scandaleux jour de carence appliqu\u00e9 aux fonctionnaires et agents publics. <\/p>\n<p>Instaur\u00e9 d\u00e9but 2012 par le gouvernement de droite, pr\u00e9sent\u00e9 comme une mesure d\u2019\u00e9quit\u00e9 avec les salari\u00e9s du priv\u00e9, il constituait avant tout un acte politique de d\u00e9magogie anti-fonctionnaire \u00e0 vis\u00e9e bassement \u00e9lectoraliste. <\/p>\n<p>En effet, alors que la grande majorit\u00e9 des salari\u00e9s du secteur priv\u00e9 n\u2019est pas, de fait, assujettie au jour de carence en vertu de nombreuses conventions collectives et accords d\u2019entreprise, aucun dispositif similaire n\u2019existe dans la Fonction publique. Le jour de carence a donc conduit \u00e0 des pertes salariales, particuli\u00e8rement sensibles pour les pr\u00e8s d\u2019un million d\u2019agents pay\u00e9s au niveau du SMIC. <\/p>\n<p>Certains employeurs publics ont cru bon de se r\u00e9jouir d\u2019\u00e9conomies faites par ce biais dans les d\u00e9penses publiques : en r\u00e9alit\u00e9, le jour de carence a conduit \u00e0 la perversit\u00e9 consistant \u00e0 consid\u00e9rer cette ponction sur les r\u00e9mun\u00e9rations d\u2019agents publics comme un moyen de r\u00e9duire les d\u00e9ficits de certains \u00e9tablissements, notamment hospitaliers. <\/p>\n<p>D\u00e8s l\u2019arriv\u00e9e au pouvoir du nouveau gouvernement, la revendication d\u2019abrogation du jour de carence a \u00e9t\u00e9 \u00e0 nouveau port\u00e9e par l\u2019ensemble des organisations syndicales. La CGT en a fait l\u2019objet d\u2019une campagne de p\u00e9titions lanc\u00e9e \u00e0 l\u2019\u00e9t\u00e9 2012 et marqu\u00e9e notamment par la remise de 60.000 signatures \u00e0 la ministre le 23 octobre dernier. De nombreuses luttes ont \u00e9t\u00e9 men\u00e9es localement contre le jour de carence, certaines permettant sa non-application. L\u2019abrogation du jour de carence a enfin \u00e9t\u00e9 au c\u0153ur de la journ\u00e9e d\u2019action du 31 janvier 2013. <\/p>\n<p>Chacun a pu ainsi se rendre compte que l&rsquo;\u00e9conomie faite n&rsquo;est pas du tout \u00e0 la hauteur des attentes escompt\u00e9es, que cette mesure pouvait constituer un discr\u00e9dit jet\u00e9 en p\u00e2ture \u00e0 la majorit\u00e9 des fran\u00e7ais pour qui les fonctionnaires sont des privil\u00e9gi\u00e9s, et enfin, ne soyons pas dupes , c&rsquo;est l\u00e0 un r\u00e9el  moyen pour l&rsquo;\u00e9tat de nous faire patienter alors que nous revendiquons depuis fort longtemps une r\u00e9elle revalorisation de nos salaires<\/p>\n<p>Tout en d\u00e9plorant que le gouvernement ait mis si longtemps \u00e0 en finir avec cette disposition absurde, injuste et dangereuse et que l\u2019abrogation ne soit \u00ab propos\u00e9e que dans le prochain projet de loi de finances \u00bb soit en 2014, la CGT se f\u00e9licite de la victoire obtenue ce jour. Ce succ\u00e8s est celui des nombreux agents qui, sous diff\u00e9rentes formes, se sont massivement mobilis\u00e9s sur ce th\u00e8me avec leurs organisations syndicales. Cette victoire est celle de l\u2019action collective et elle en appelle d\u2019autres. <\/p>\n<p>Le d\u00e9-contingentement du 8\u00e8me \u00e9chelon de la cat\u00e9gorie C et la remise en cause de la PFR sont les premiers signes de notre capacit\u00e9 \u00e0 faire bouger les lignes. <\/p>\n<p>Avec les agents, la CGT continuera de construire le rapport de force le plus unitaire possible pour gagner sur l\u2019augmentation de la valeur du point d\u2019indice, la revalorisation de la grille, le d\u00e9veloppement de l\u2019emploi public et des services publics.<\/p>\n","protected":false},"excerpt":{"rendered":"<p>La ministre de la Fonction publique vient enfin d\u2019annoncer l\u2019abrogation du scandaleux jour de carence appliqu\u00e9 aux fonctionnaires et agents publics. Instaur\u00e9 d\u00e9but 2012 par le gouvernement de droite, pr\u00e9sent\u00e9 comme une mesure d\u2019\u00e9quit\u00e9 avec les salari\u00e9s du priv\u00e9, il constituait avant tout un acte politique de d\u00e9magogie anti-fonctionnaire \u00e0 vis\u00e9e bassement \u00e9lectoraliste. En effet, [&hellip;]<\/p>\n","protected":false},"author":1,"featured_media":0,"comment_status":"closed","ping_status":"open","sticky":false,"template":"","format":"standard","meta":{"footnotes":""},"categories":[7],"tags":[],"views":2322,"_links":{"self":[{"href":"http:\/\/www.cgt-hopital-manosque.fr\/index.php?rest_route=\/wp\/v2\/posts\/1058"}],"collection":[{"href":"http:\/\/www.cgt-hopital-manosque.fr\/index.php?rest_route=\/wp\/v2\/posts"}],"about":[{"href":"http:\/\/www.cgt-hopital-manosque.fr\/index.php?rest_route=\/wp\/v2\/types\/post"}],"author":[{"embeddable":true,"href":"http:\/\/www.cgt-hopital-manosque.fr\/index.php?rest_route=\/wp\/v2\/users\/1"}],"replies":[{"embeddable":true,"href":"http:\/\/www.cgt-hopital-manosque.fr\/index.php?rest_route=%2Fwp%2Fv2%2Fcomments&post=1058"}],"version-history":[{"count":1,"href":"http:\/\/www.cgt-hopital-manosque.fr\/index.php?rest_route=\/wp\/v2\/posts\/1058\/revisions"}],"predecessor-version":[{"id":1059,"href":"http:\/\/www.cgt-hopital-manosque.fr\/index.php?rest_route=\/wp\/v2\/posts\/1058\/revisions\/1059"}],"wp:attachment":[{"href":"http:\/\/www.cgt-hopital-manosque.fr\/index.php?rest_route=%2Fwp%2Fv2%2Fmedia&parent=1058"}],"wp:term":[{"taxonomy":"category","embeddable":true,"href":"http:\/\/www.cgt-hopital-manosque.fr\/index.php?rest_route=%2Fwp%2Fv2%2Fcategories&post=1058"},{"taxonomy":"post_tag","embeddable":true,"href":"http:\/\/www.cgt-hopital-manosque.fr\/index.php?rest_route=%2Fwp%2Fv2%2Ftags&post=1058"}],"curies":[{"name":"wp","href":"https:\/\/api.w.org\/{rel}","templated":true}]}}