{"id":1061,"date":"2013-02-28T19:30:50","date_gmt":"2013-02-28T19:30:50","guid":{"rendered":"http:\/\/www.cgt-hopital-manosque.fr\/?p=1061"},"modified":"2013-02-28T19:32:33","modified_gmt":"2013-02-28T19:32:33","slug":"1er-mars-2013-formation-anfh-gratuite-sur-le-handicap","status":"publish","type":"post","link":"http:\/\/www.cgt-hopital-manosque.fr\/?p=1061","title":{"rendered":"1er mars 2013 &#8211; Formation ANFH gratuite sur le handicap"},"content":{"rendered":"<p style= \"text-align: justify;\">\n<p>Les d\u00e9l\u00e9gations ANFH Languedoc-Roussillon et Provence-Alpes-C\u00f4te d\u2019Azur organisent une grande journ\u00e9e :<\/p>\n<p>\u00ab\u00a0H\u00f4pital &#038; handicap\u2026 une histoire \u00e0 p\u00e9renniser\u00a0\u00bb<\/p>\n<p>Mardi 9 avril 2013 de 8h30 \u00e0 16h30<\/p>\n<p>au Palais des Congr\u00e8s<br \/>\nAvenue de la Premi\u00e8re Division France Libre \u2013 13200 Arles<\/p>\n<p>Cette journ\u00e9e plac\u00e9e sous le signe de l\u2019interdisciplinarit\u00e9 poursuit plusieurs objectifs :<\/p>\n<p>* Bousculer les id\u00e9es re\u00e7ues li\u00e9es \u00e0 l\u2019insertion et au maintien dans l\u2019emploi des agents en difficult\u00e9 sur leur poste de travail.<br \/>\n* Mettre en lumi\u00e8re les pr\u00e9alables \u00e0 la mise en \u0153uvre d\u2019une politique du handicap durable<br \/>\n* Proposer un retour sur l\u2019exp\u00e9rimentation lanc\u00e9e en 2010 au travers de t\u00e9moignages d\u2019acteurs de la Fonction Publique Hospitali\u00e8re.<br \/>\n* Evoquer les suites du projet et les actions \u00e0 venir<\/p>\n<p>Modalit\u00e9s d&rsquo;inscription :<\/p>\n<p>Cette journ\u00e9e est ouverte \u00e0 tout public hospitalier.<br \/>\nPour toute inscription, veuillez vous rapprocher du service formation de votre \u00e9tablissement qui fera un retour group\u00e9 de toutes les inscriptions \u00e0 l&rsquo;ANFH<br \/>\navant le 26 mars 2013 \u00e0 la d\u00e9l\u00e9gation Languedoc par fax : 04 67 04 35 18  ou mail : c.apollis@anfh.fr<\/p>\n<p>La journ\u00e9e de formation est gratuite mais ne comprend pas les frais de d\u00e9placement. Un repas gratuit est \u00e9galement pr\u00e9vu le midi.<\/p>\n","protected":false},"excerpt":{"rendered":"<p>Les d\u00e9l\u00e9gations ANFH Languedoc-Roussillon et Provence-Alpes-C\u00f4te d\u2019Azur organisent une grande journ\u00e9e : \u00ab\u00a0H\u00f4pital &#038; handicap\u2026 une histoire \u00e0 p\u00e9renniser\u00a0\u00bb Mardi 9 avril 2013 de 8h30 \u00e0 16h30 au Palais des Congr\u00e8s Avenue de la Premi\u00e8re Division France Libre \u2013 13200 Arles Cette journ\u00e9e plac\u00e9e sous le signe de l\u2019interdisciplinarit\u00e9 poursuit plusieurs objectifs : * Bousculer [&hellip;]<\/p>\n","protected":false},"author":1,"featured_media":0,"comment_status":"closed","ping_status":"open","sticky":false,"template":"","format":"standard","meta":{"footnotes":""},"categories":[5],"tags":[],"views":2926,"_links":{"self":[{"href":"http:\/\/www.cgt-hopital-manosque.fr\/index.php?rest_route=\/wp\/v2\/posts\/1061"}],"collection":[{"href":"http:\/\/www.cgt-hopital-manosque.fr\/index.php?rest_route=\/wp\/v2\/posts"}],"about":[{"href":"http:\/\/www.cgt-hopital-manosque.fr\/index.php?rest_route=\/wp\/v2\/types\/post"}],"author":[{"embeddable":true,"href":"http:\/\/www.cgt-hopital-manosque.fr\/index.php?rest_route=\/wp\/v2\/users\/1"}],"replies":[{"embeddable":true,"href":"http:\/\/www.cgt-hopital-manosque.fr\/index.php?rest_route=%2Fwp%2Fv2%2Fcomments&post=1061"}],"version-history":[{"count":3,"href":"http:\/\/www.cgt-hopital-manosque.fr\/index.php?rest_route=\/wp\/v2\/posts\/1061\/revisions"}],"predecessor-version":[{"id":1064,"href":"http:\/\/www.cgt-hopital-manosque.fr\/index.php?rest_route=\/wp\/v2\/posts\/1061\/revisions\/1064"}],"wp:attachment":[{"href":"http:\/\/www.cgt-hopital-manosque.fr\/index.php?rest_route=%2Fwp%2Fv2%2Fmedia&parent=1061"}],"wp:term":[{"taxonomy":"category","embeddable":true,"href":"http:\/\/www.cgt-hopital-manosque.fr\/index.php?rest_route=%2Fwp%2Fv2%2Fcategories&post=1061"},{"taxonomy":"post_tag","embeddable":true,"href":"http:\/\/www.cgt-hopital-manosque.fr\/index.php?rest_route=%2Fwp%2Fv2%2Ftags&post=1061"}],"curies":[{"name":"wp","href":"https:\/\/api.w.org\/{rel}","templated":true}]}}