{"id":1067,"date":"2013-03-06T19:35:21","date_gmt":"2013-03-06T19:35:21","guid":{"rendered":"http:\/\/www.cgt-hopital-manosque.fr\/?p=1067"},"modified":"2013-03-06T19:35:21","modified_gmt":"2013-03-06T19:35:21","slug":"jeudi-7-mars-2013-journee-de-la-femme-pour-legalite-dans-le-travail-et-dans-la-societe","status":"publish","type":"post","link":"http:\/\/www.cgt-hopital-manosque.fr\/?p=1067","title":{"rendered":"Jeudi 7 mars 2013 &#8211; Journ\u00e9e de la femme (pour l&rsquo;\u00e9galit\u00e9 dans le travail et dans la soci\u00e9t\u00e9)"},"content":{"rendered":"<p>La journ\u00e9e du 8 mars nous rappelle que la lutte pour l\u2019\u00e9galit\u00e9 des femmes et des hommes<br \/>\nC\u2019est tous les jours et tout au long de la vie !<br \/>\nC\u2019est un d\u00e9fi qu\u2019il faut relever continuellement.<\/p>\n<p>Ci-joint notre tract, pour le lire <strong><a href=\"http:\/\/www.cgt-hopital-manosque.fr\/wp-content\/uploads\/2013\/03\/105.-Tract-journ\u00e9e-du-8-mars-2013-V2.pdf\">cliquer ici<\/a><\/strong><\/p>\n<p><a href=\"http:\/\/www.cgt-hopital-manosque.fr\/wp-content\/uploads\/2013\/03\/105.-Photo-pour-article-sur-le-8-mars-2013.jpg\"><img loading=\"lazy\" decoding=\"async\" src=\"http:\/\/www.cgt-hopital-manosque.fr\/wp-content\/uploads\/2013\/03\/105.-Photo-pour-article-sur-le-8-mars-2013-768x1024.jpg\" alt=\"\" width=\"590\" height=\"786\" class=\"aligncenter size-large wp-image-1069\" srcset=\"http:\/\/www.cgt-hopital-manosque.fr\/wp-content\/uploads\/2013\/03\/105.-Photo-pour-article-sur-le-8-mars-2013-768x1024.jpg 768w, http:\/\/www.cgt-hopital-manosque.fr\/wp-content\/uploads\/2013\/03\/105.-Photo-pour-article-sur-le-8-mars-2013-225x300.jpg 225w\" sizes=\"(max-width: 590px) 100vw, 590px\" \/><\/a><\/p>\n","protected":false},"excerpt":{"rendered":"<p>La journ\u00e9e du 8 mars nous rappelle que la lutte pour l\u2019\u00e9galit\u00e9 des femmes et des hommes C\u2019est tous les jours et tout au long de la vie ! C\u2019est un d\u00e9fi qu\u2019il faut relever continuellement. Ci-joint notre tract, pour le lire cliquer ici<\/p>\n","protected":false},"author":1,"featured_media":0,"comment_status":"closed","ping_status":"open","sticky":false,"template":"","format":"standard","meta":{"footnotes":""},"categories":[7],"tags":[],"views":2395,"_links":{"self":[{"href":"http:\/\/www.cgt-hopital-manosque.fr\/index.php?rest_route=\/wp\/v2\/posts\/1067"}],"collection":[{"href":"http:\/\/www.cgt-hopital-manosque.fr\/index.php?rest_route=\/wp\/v2\/posts"}],"about":[{"href":"http:\/\/www.cgt-hopital-manosque.fr\/index.php?rest_route=\/wp\/v2\/types\/post"}],"author":[{"embeddable":true,"href":"http:\/\/www.cgt-hopital-manosque.fr\/index.php?rest_route=\/wp\/v2\/users\/1"}],"replies":[{"embeddable":true,"href":"http:\/\/www.cgt-hopital-manosque.fr\/index.php?rest_route=%2Fwp%2Fv2%2Fcomments&post=1067"}],"version-history":[{"count":1,"href":"http:\/\/www.cgt-hopital-manosque.fr\/index.php?rest_route=\/wp\/v2\/posts\/1067\/revisions"}],"predecessor-version":[{"id":1070,"href":"http:\/\/www.cgt-hopital-manosque.fr\/index.php?rest_route=\/wp\/v2\/posts\/1067\/revisions\/1070"}],"wp:attachment":[{"href":"http:\/\/www.cgt-hopital-manosque.fr\/index.php?rest_route=%2Fwp%2Fv2%2Fmedia&parent=1067"}],"wp:term":[{"taxonomy":"category","embeddable":true,"href":"http:\/\/www.cgt-hopital-manosque.fr\/index.php?rest_route=%2Fwp%2Fv2%2Fcategories&post=1067"},{"taxonomy":"post_tag","embeddable":true,"href":"http:\/\/www.cgt-hopital-manosque.fr\/index.php?rest_route=%2Fwp%2Fv2%2Ftags&post=1067"}],"curies":[{"name":"wp","href":"https:\/\/api.w.org\/{rel}","templated":true}]}}