{"id":1156,"date":"2013-05-14T20:32:18","date_gmt":"2013-05-14T20:32:18","guid":{"rendered":"http:\/\/www.cgt-hopital-manosque.fr\/?p=1156"},"modified":"2013-05-14T20:32:51","modified_gmt":"2013-05-14T20:32:51","slug":"15-mai-2013-les-modalites-de-prise-en-compte-de-la-maladie-sur-les-droits-a-la-retraite","status":"publish","type":"post","link":"http:\/\/www.cgt-hopital-manosque.fr\/?p=1156","title":{"rendered":"15 mai 2013 &#8211; Les modalit\u00e9s de prise en compte de la maladie sur les droits \u00e0 la retraite"},"content":{"rendered":"<p>Ci-joint une fiche synth\u00e9tisant les modalit\u00e9s de prise en compte de la maladie sur les droits \u00e0 la retraite.<\/p>\n<p>R\u00e9f\u00e9rence :<br \/>\nD\u00e9cret n\u00b0 2003-1306 du 26 d\u00e9cembre 2003 modifi\u00e9 relatif au r\u00e9gime de retraite des<br \/>\nfonctionnaires affili\u00e9s \u00e0 la Caisse Nationale de Retraite des Agents des Collectivit\u00e9s Locales.<\/p>\n<p>Pour la consulter ou la t\u00e9l\u00e9charger  <strong><a href=\"http:\/\/www.cgt-hopital-manosque.fr\/wp-content\/uploads\/2013\/05\/127.-Maladie-et-retraite.pdf\">cliquer ici<\/a><\/strong><\/p>\n","protected":false},"excerpt":{"rendered":"<p>Ci-joint une fiche synth\u00e9tisant les modalit\u00e9s de prise en compte de la maladie sur les droits \u00e0 la retraite. R\u00e9f\u00e9rence : D\u00e9cret n\u00b0 2003-1306 du 26 d\u00e9cembre 2003 modifi\u00e9 relatif au r\u00e9gime de retraite des fonctionnaires affili\u00e9s \u00e0 la Caisse Nationale de Retraite des Agents des Collectivit\u00e9s Locales. Pour la consulter ou la t\u00e9l\u00e9charger cliquer [&hellip;]<\/p>\n","protected":false},"author":1,"featured_media":0,"comment_status":"closed","ping_status":"open","sticky":false,"template":"","format":"standard","meta":{"footnotes":""},"categories":[5],"tags":[],"views":1898,"_links":{"self":[{"href":"http:\/\/www.cgt-hopital-manosque.fr\/index.php?rest_route=\/wp\/v2\/posts\/1156"}],"collection":[{"href":"http:\/\/www.cgt-hopital-manosque.fr\/index.php?rest_route=\/wp\/v2\/posts"}],"about":[{"href":"http:\/\/www.cgt-hopital-manosque.fr\/index.php?rest_route=\/wp\/v2\/types\/post"}],"author":[{"embeddable":true,"href":"http:\/\/www.cgt-hopital-manosque.fr\/index.php?rest_route=\/wp\/v2\/users\/1"}],"replies":[{"embeddable":true,"href":"http:\/\/www.cgt-hopital-manosque.fr\/index.php?rest_route=%2Fwp%2Fv2%2Fcomments&post=1156"}],"version-history":[{"count":2,"href":"http:\/\/www.cgt-hopital-manosque.fr\/index.php?rest_route=\/wp\/v2\/posts\/1156\/revisions"}],"predecessor-version":[{"id":1159,"href":"http:\/\/www.cgt-hopital-manosque.fr\/index.php?rest_route=\/wp\/v2\/posts\/1156\/revisions\/1159"}],"wp:attachment":[{"href":"http:\/\/www.cgt-hopital-manosque.fr\/index.php?rest_route=%2Fwp%2Fv2%2Fmedia&parent=1156"}],"wp:term":[{"taxonomy":"category","embeddable":true,"href":"http:\/\/www.cgt-hopital-manosque.fr\/index.php?rest_route=%2Fwp%2Fv2%2Fcategories&post=1156"},{"taxonomy":"post_tag","embeddable":true,"href":"http:\/\/www.cgt-hopital-manosque.fr\/index.php?rest_route=%2Fwp%2Fv2%2Ftags&post=1156"}],"curies":[{"name":"wp","href":"https:\/\/api.w.org\/{rel}","templated":true}]}}