{"id":1161,"date":"2013-05-16T15:48:44","date_gmt":"2013-05-16T15:48:44","guid":{"rendered":"http:\/\/www.cgt-hopital-manosque.fr\/?p=1161"},"modified":"2013-05-16T16:12:24","modified_gmt":"2013-05-16T16:12:24","slug":"17-mai-2013-des-medecins-du-travail-attaques-par-des-employeurs","status":"publish","type":"post","link":"http:\/\/www.cgt-hopital-manosque.fr\/?p=1161","title":{"rendered":"17 mai 2013 &#8211; Des m\u00e9decins du travail attaqu\u00e9s par des employeurs"},"content":{"rendered":"<p style= \"text-align: justify;\">\nLa sant\u00e9 au travail semble malmen\u00e9e en ce moment comme en t\u00e9moigne l&rsquo;attaque devant le conseil de l&rsquo;Ordre des m\u00e9decins de la soci\u00e9t\u00e9 Orys (sous-traitant d&rsquo;EDF \u00e0 la centrale de Chinon) \u00e0 l&rsquo;\u00e9gard du docteur Huez. Le docteur a-t-il failli? <\/p>\n<p>Son seul tort semble \u00eatre qu&rsquo;il a r\u00e9dig\u00e9 un certificat m\u00e9dical \u00e9tablissant un lien entre la mauvaise sant\u00e9 d\u2019un salari\u00e9 et ses conditions de travail. Nous d\u00e9plorons ce genre d&rsquo;intimidation utilis\u00e9e afin de discr\u00e9diter des m\u00e9decins du travail.<\/p>\n<p>L&rsquo;exercice de la m\u00e9decine du travail am\u00e8ne notamment \u00e0 faire des constatations d&rsquo;atteintes \u00e0 la sant\u00e9 des salari\u00e9s et \u00e0 les mettre en lien avec des facteurs professionnels. C&rsquo;est m\u00eame la comp\u00e9tence essentielle des m\u00e9decins qui exercent cette sp\u00e9cialit\u00e9. Bien s\u00fbr, certaines constatations peuvent aller \u00e0 l&rsquo;encontre des int\u00e9r\u00eats d&rsquo;un employeur. C&rsquo;est pour cette raison que l&rsquo;ind\u00e9pendance professionnelle des m\u00e9decins, eux-m\u00eames salari\u00e9s d&rsquo;entreprises ou d&rsquo;associations d&#8217;employeurs, est garantie par la loi.<\/p>\n<p>D&rsquo;autres affaires similaires sont \u00e9galement en cours afin de faire peur \u00e0 des m\u00e9decins.<\/p>\n<p>Certains employeurs devraient comprendre que les m\u00e9decins ne sont pas \u00e0 leur service. L&rsquo;ind\u00e9pendance du m\u00e9decin du travail a \u00e9t\u00e9 confirm\u00e9e \u00e0 plusieurs reprises comme dans la nouvelle r\u00e9forme de la m\u00e9decine du travail de juillet 2011 (Cf : Loi n\u00b0 2011-867 du 20 juillet 2011).<\/p>\n<p>Cependant, il existe une diff\u00e9rence entre le cadre juridique sur le papier et la r\u00e9alit\u00e9 o\u00f9 ils subissent de nombreuses pressions&#8230;sans parler de la possibilit\u00e9 qu&rsquo;a l&#8217;employeur de demander de changer de m\u00e9decin ce qui est souvent utilis\u00e9&#8230;.<\/p>\n<p>Le scandale de l&rsquo;amiante aurait-il  eu lieu si cette ind\u00e9pendance \u00e9tait r\u00e9elle?<\/p>\n<p>Les m\u00e9decins du travail sont des acteurs majeurs dans la pr\u00e9vention des risques professionnels.<br \/>\nTrop souvent, les certificats m\u00e9dicaux permettant aux victimes de d\u00e9clarer leur maladie professionnelle, ne sont pas \u00e9tablis par la m\u00e9decine du travail, au motif que cela serait tr\u00e8s mal vu par les chefs d\u2019entreprise. Trop souvent encore, les fiches d\u2019entreprises dans lesquelles la m\u00e9decine du travail a obligation r\u00e9glementaire de mentionner les risques professionnels auxquels sont expos\u00e9s les salari\u00e9s sont lacunaires, voire inexistantes. Trop souvent, la m\u00e9decine du travail relaye le discours et les imp\u00e9ratifs \u00e9conomiques de l\u2019entreprise, alors qu\u2019elle doit se situer dans l\u2019int\u00e9r\u00eat exclusif de la sant\u00e9 des salari\u00e9s. Alors, quand il y a des professionnels motiv\u00e9s et appliqu\u00e9s, laissons les faire leur job et soyons vigilants !<\/p>\n","protected":false},"excerpt":{"rendered":"<p>La sant\u00e9 au travail semble malmen\u00e9e en ce moment comme en t\u00e9moigne l&rsquo;attaque devant le conseil de l&rsquo;Ordre des m\u00e9decins de la soci\u00e9t\u00e9 Orys (sous-traitant d&rsquo;EDF \u00e0 la centrale de Chinon) \u00e0 l&rsquo;\u00e9gard du docteur Huez. Le docteur a-t-il failli? Son seul tort semble \u00eatre qu&rsquo;il a r\u00e9dig\u00e9 un certificat m\u00e9dical \u00e9tablissant un lien entre [&hellip;]<\/p>\n","protected":false},"author":1,"featured_media":0,"comment_status":"closed","ping_status":"open","sticky":false,"template":"","format":"standard","meta":{"footnotes":""},"categories":[8],"tags":[],"views":2155,"_links":{"self":[{"href":"http:\/\/www.cgt-hopital-manosque.fr\/index.php?rest_route=\/wp\/v2\/posts\/1161"}],"collection":[{"href":"http:\/\/www.cgt-hopital-manosque.fr\/index.php?rest_route=\/wp\/v2\/posts"}],"about":[{"href":"http:\/\/www.cgt-hopital-manosque.fr\/index.php?rest_route=\/wp\/v2\/types\/post"}],"author":[{"embeddable":true,"href":"http:\/\/www.cgt-hopital-manosque.fr\/index.php?rest_route=\/wp\/v2\/users\/1"}],"replies":[{"embeddable":true,"href":"http:\/\/www.cgt-hopital-manosque.fr\/index.php?rest_route=%2Fwp%2Fv2%2Fcomments&post=1161"}],"version-history":[{"count":5,"href":"http:\/\/www.cgt-hopital-manosque.fr\/index.php?rest_route=\/wp\/v2\/posts\/1161\/revisions"}],"predecessor-version":[{"id":1166,"href":"http:\/\/www.cgt-hopital-manosque.fr\/index.php?rest_route=\/wp\/v2\/posts\/1161\/revisions\/1166"}],"wp:attachment":[{"href":"http:\/\/www.cgt-hopital-manosque.fr\/index.php?rest_route=%2Fwp%2Fv2%2Fmedia&parent=1161"}],"wp:term":[{"taxonomy":"category","embeddable":true,"href":"http:\/\/www.cgt-hopital-manosque.fr\/index.php?rest_route=%2Fwp%2Fv2%2Fcategories&post=1161"},{"taxonomy":"post_tag","embeddable":true,"href":"http:\/\/www.cgt-hopital-manosque.fr\/index.php?rest_route=%2Fwp%2Fv2%2Ftags&post=1161"}],"curies":[{"name":"wp","href":"https:\/\/api.w.org\/{rel}","templated":true}]}}