{"id":1198,"date":"2013-05-23T16:52:56","date_gmt":"2013-05-23T16:52:56","guid":{"rendered":"http:\/\/www.cgt-hopital-manosque.fr\/?p=1198"},"modified":"2013-05-23T17:03:34","modified_gmt":"2013-05-23T17:03:34","slug":"24-mai-2013-la-formation-professionnelle-et-nos-revendications-cgt","status":"publish","type":"post","link":"http:\/\/www.cgt-hopital-manosque.fr\/?p=1198","title":{"rendered":"24 mai 2013 &#8211; La formation professionnelle et nos revendications CGT"},"content":{"rendered":"<p style= \"text-align: justify;\"> La formation est un droit mais c&rsquo;est \u00e9galement un outil majeur pour chaque salari\u00e9. <\/p>\n<p style= \"text-align: justify;\"> Dans un contexte de tensions sociales, de d\u00e9gradation des conditions de travail, de management agressif et de ch\u00f4mage important, la formation doit \u00eatre au centre de nos pr\u00e9occupations. La formation peut permettre de ne pas \u00eatre licencier, elle peut permettre de s&rsquo;adapter \u00e0 un environnement en constante \u00e9volution, elle peut permettre d&rsquo;\u00e9voluer dans son m\u00e9tier, de s&rsquo;\u00e9panouir ou encore d&rsquo;augmenter son salaire. <\/p>\n<p style= \"text-align: justify;\"> D&rsquo;o\u00f9 l&rsquo;importance de s&rsquo;approprier la formation continue. En tant que syndicat, nous devons d\u00e9fendre le droit \u00e0 la formation pour tous et tout au long de la vie. Mais, en tant que CGT, nous devons d\u00e9fendre des revendications sp\u00e9cifiques : <\/p>\n<p style= \"text-align: justify;\"> <strong>1\u00b0) Toutes les formations doivent se faire sur le temps de travail.<\/strong> <\/p>\n<p style= \"text-align: justify;\"> Aujourd&rsquo;hui, les strat\u00e9gies patronales tendent \u00e0 sortir la formation du temps de travail, \u00e0 ne pas r\u00e9mun\u00e9rer et \u00e0 transf\u00e9rer sur la seule responsabilit\u00e9 du salari\u00e9 l&rsquo;entretien et le d\u00e9veloppement de sa qualification. <\/p>\n<p style= \"text-align: justify;\"> <strong>2\u00b0) L\u2019ensemble des fonds de formation doit \u00eatre utilis\u00e9 afin qu\u2019un maximum d\u2019agents puissent partir en formation.<\/strong> <\/p>\n<p style= \"text-align: justify;\"> Certains \u00e9tablissements pr\u00e9f\u00e8rent perdent de l&rsquo;argent plut\u00f4t qu&rsquo;envoyer leurs agents en formation. <\/p>\n<p style= \"text-align: justify;\"> <strong>3\u00b0) 10% du temps de travail consacr\u00e9 \u00e0 la formation.<\/strong> <\/p>\n<p style= \"text-align: justify;\"> Il faut que les \u00e9tablissements mobilisent des sommes importantes pour pouvoir former et accompagner. Nous, on a une proposition qui est relativement simple, c&rsquo;est de pouvoir passer 10% du temps de travail en formation. Cela permet \u00e0 chaque salari\u00e9 de faire le point sur sa carri\u00e8re, de faire le point sur les \u00e9volutions qui sont intervenues, et puis d&rsquo;acqu\u00e9rir \u00e0 nouveaux des connaissances. <\/p>\n<p style= \"text-align: justify;\"> <strong>4\u00b0) La formation est un investissement et non un co\u00fbt.<\/strong> <\/p>\n<p style= \"text-align: justify;\"> Il y a un co\u00fbt de formation qui est en fait un investissement pour que les salari\u00e9s puissent acqu\u00e9rir et maintenir des comp\u00e9tences. D&rsquo;ailleurs c&rsquo;est assez r\u00e9v\u00e9lateur que dans les discussions que nous pouvons avoir avec les employeurs, ils parlent toujours d&rsquo;investissement quand il s&rsquo;agit d&rsquo;une machine et de co\u00fbt quand il s&rsquo;agit de formation. Comme si l&rsquo;investissement sur le capital humain n&rsquo;\u00e9tait pas de m\u00eame nature que l&rsquo;investissement sur une machine. Et cela, il faut vraiment que les \u00e9tablissements fassent des efforts. Et ils le font quand la loi les contraint \u00e0 le faire. Il faut bien rappeler que les 2,1% et les autres cotisations : ce n&rsquo;est que le minimum l\u00e9gal ! Les employeurs, et certains le font, peuvent aller au del\u00e0 des taux minimums afin de favoriser l&rsquo;\u00e9panouissement et la r\u00e9ussite des salari\u00e9s et des \u00e9tablissements. <\/p>\n<p style= \"text-align: justify;\"> <strong>5\u00b0) Les \u00e9tudes promotionnelles doivent \u00eatre favoris\u00e9es.<\/strong> <\/p>\n<p style= \"text-align: justify;\"> Une \u00e9tude promo ne doit pas \u00eatre refus\u00e9e sous pr\u00e9texte qu\u2019un poste n\u2019est pas pr\u00e9vu. On ne doit pas p\u00e9naliser un agent pour cette raison. <\/p>\n<p style= \"text-align: justify;\"> <strong>6\u00b0) Nous devons pouvoir participer \u00e0 l\u2019\u00e9laboration du plan de formation et \u00eatre force de propositions.<\/strong> <\/p>\n<p style= \"text-align: justify;\"> Il faut participer aux diff\u00e9rentes instances (CTE, Commission de formation) afin de porter nos revendications CGT et agir de mani\u00e8re constructive pour l&rsquo;int\u00e9r\u00eat des salari\u00e9s. <\/p>\n<p style= \"text-align: justify;\"> <strong>7\u00b0) Nous devons d\u00e9fendre le droit \u00e0 la formation pour tous les agents quelque soit l\u2019\u00e2ge, le sexe, le grade, la sp\u00e9cialit\u00e9\u2026<\/strong> <\/p>\n<p style= \"text-align: justify;\"> La formation ne doit pas \u00eatre destin\u00e9e qu&rsquo;\u00e0 certaines cat\u00e9gories de formation (cadre, IDE, direction par exemple) mais doit \u00eatre destin\u00e9e \u00e0 l&rsquo;ensemble des agents et notamment les agents pas ou peu qualifi\u00e9s (ASH, AEQ, technique par exemple). <\/p>\n<p style= \"text-align: justify;\"> <strong>8\u00b0) Favoriser l\u2019acc\u00e8s aux formations qualifiantes.<\/strong> <\/p>\n<p style= \"text-align: justify;\"> Exemples : des jardiniers sans dipl\u00f4me qui travaillent depuis des ann\u00e9es sans avoir \u00e9voluer, des ASH qui souhaitent passer le dipl\u00f4me d&rsquo;aide-soignante, des agents de s\u00e9curit\u00e9 SSIAP (1, 2 ou 3) qui sont au grade AEQ et qui souhaitent passer un CAP pr\u00e9vention et s\u00e9curit\u00e9 (pour passer au grade d&rsquo;OPQ etc&#8230;). Nous revendiquons l&rsquo;\u00e9l\u00e9vation d&rsquo;au moins un niveau de qualification au cours de la carri\u00e8re de chaque agent. Et il ne suffit pas d&rsquo;augmenter les comp\u00e9tences, il faut qu&rsquo;elles soient \u00e9galement reconnues. <\/p>\n<p style= \"text-align: justify;\"> <strong>9\u00b0) La formation est un droit pour tous les agents, elle fait partie du salaire socialis\u00e9 des agents.<\/strong> <\/p>\n<p style= \"text-align: justify;\"> La formation continue est un droit pour le personnel, et non une faveur qui leur serait accord\u00e9e. Un droit pour les titulaires, les stagiaires et les contractuels. Contrairement aux id\u00e9es re\u00e7ues, les agents en cong\u00e9 parental ont \u00e9galement acc\u00e8s \u00e0 la formation continue. <\/p>\n<p style= \"text-align: justify;\"> La formation continue fait partie du salaire socialis\u00e9 des agents. Une partie du salaire est pay\u00e9 individuellement aux salari\u00e9s, un salaire direct : le salaire net. L\u2019autre partie form\u00e9e des cotisations est vers\u00e9e aux caisses de S\u00e9curit\u00e9 sociale (l\u2019Urssaf) ou aux caisses de ch\u00f4mage (le p\u00f4le emploi). Ce versement dans \u00ab un pot commun \u00bb est con\u00e7u pour satisfaire des besoins en raison de la maladie, de formation, de la maternit\u00e9, des charges familiales, du ch\u00f4mage, de l\u2019invalidit\u00e9, de la retraite, c\u2019est un salaire indirect : le salaire socialis\u00e9, (appel\u00e9 aussi salaire social, mutualis\u00e9, collectif\u2026). Ce salaire socialis\u00e9 est issu de la valeur cr\u00e9\u00e9e par le travail de chaque agent. <\/p>\n<p style= \"text-align: justify;\"> <strong>10\u00b0) Le plan de formation ne doit pas viser qu\u2019\u00e0 satisfaire les demandes institutionnelles, les demandes des agents doivent \u00eatre prises en compte.<\/strong> <\/p>\n<p style= \"text-align: justify;\"> Les formations institutionnelles prennent de plus en plus de place dans les plans de formation. Cela va s&rsquo;accentuer avec la mise en place du DPC (D\u00e9veloppement Professionnel Continu). La mise en place des p\u00f4les a \u00e9galement fait du tort aux demandes individuelles.<br \/>\nLes repr\u00e9sentants CGT dans les CTE et les Commissions de Formation doivent d\u00e9fendre les droits des agents \u00e0 obtenir leurs formations individuelles et doivent s&rsquo;assurer de la r\u00e9gularit\u00e9 des choix qui aboutiront au Plan de Formation.<br \/>\nLa CGT doit rappeler que la formation reste un salaire socialis\u00e9 (financement principal par 2,1% de la masse salariale) et que les demandes des agents ne doivent en aucun cas \u00eatre mis sur un plan d&rsquo;inf\u00e9riorit\u00e9 par rapport aux demandes institutionnelles. <\/p>\n<p style= \"text-align: justify;\"> <strong>11\u00b0) Favoriser les d\u00e9marches individuelles des salari\u00e9s en les aidant \u00e0 s&rsquo;approprier la formation.<\/strong> <\/p>\n<p style= \"text-align: justify;\"> Pour la CGT, l\u2019initiative du salari\u00e9 dans son parcours de formation est essentielle. C\u2019est cette approche qu\u2019il faut privil\u00e9gier, bien plus qu&rsquo;une approche par les dispositifs. Il faut insister sur l\u2019id\u00e9e que la formation professionnelle est un outil pour chaque salari\u00e9 afin de d\u00e9velopper ses comp\u00e9tences et d\u2019avoir une \u00e9volution de carri\u00e8re associ\u00e9e \u00e0 une \u00e9volution de salaire, ou \u00eatre en capacit\u00e9 d\u2019avoir des comp\u00e9tences et des moyens de changer \u00e9ventuellement de m\u00e9tier, de branche ou de fili\u00e8re. <\/p>\n<p>(d\u00e9l\u00e9gation CGT ANFH PACA)<\/p>\n","protected":false},"excerpt":{"rendered":"<p>La formation est un droit mais c&rsquo;est \u00e9galement un outil majeur pour chaque salari\u00e9. Dans un contexte de tensions sociales, de d\u00e9gradation des conditions de travail, de management agressif et de ch\u00f4mage important, la formation doit \u00eatre au centre de nos pr\u00e9occupations. La formation peut permettre de ne pas \u00eatre licencier, elle peut permettre de [&hellip;]<\/p>\n","protected":false},"author":1,"featured_media":0,"comment_status":"closed","ping_status":"open","sticky":false,"template":"","format":"standard","meta":{"footnotes":""},"categories":[5],"tags":[],"views":2247,"_links":{"self":[{"href":"http:\/\/www.cgt-hopital-manosque.fr\/index.php?rest_route=\/wp\/v2\/posts\/1198"}],"collection":[{"href":"http:\/\/www.cgt-hopital-manosque.fr\/index.php?rest_route=\/wp\/v2\/posts"}],"about":[{"href":"http:\/\/www.cgt-hopital-manosque.fr\/index.php?rest_route=\/wp\/v2\/types\/post"}],"author":[{"embeddable":true,"href":"http:\/\/www.cgt-hopital-manosque.fr\/index.php?rest_route=\/wp\/v2\/users\/1"}],"replies":[{"embeddable":true,"href":"http:\/\/www.cgt-hopital-manosque.fr\/index.php?rest_route=%2Fwp%2Fv2%2Fcomments&post=1198"}],"version-history":[{"count":6,"href":"http:\/\/www.cgt-hopital-manosque.fr\/index.php?rest_route=\/wp\/v2\/posts\/1198\/revisions"}],"predecessor-version":[{"id":1204,"href":"http:\/\/www.cgt-hopital-manosque.fr\/index.php?rest_route=\/wp\/v2\/posts\/1198\/revisions\/1204"}],"wp:attachment":[{"href":"http:\/\/www.cgt-hopital-manosque.fr\/index.php?rest_route=%2Fwp%2Fv2%2Fmedia&parent=1198"}],"wp:term":[{"taxonomy":"category","embeddable":true,"href":"http:\/\/www.cgt-hopital-manosque.fr\/index.php?rest_route=%2Fwp%2Fv2%2Fcategories&post=1198"},{"taxonomy":"post_tag","embeddable":true,"href":"http:\/\/www.cgt-hopital-manosque.fr\/index.php?rest_route=%2Fwp%2Fv2%2Ftags&post=1198"}],"curies":[{"name":"wp","href":"https:\/\/api.w.org\/{rel}","templated":true}]}}