{"id":1208,"date":"2013-05-26T18:05:09","date_gmt":"2013-05-26T18:05:09","guid":{"rendered":"http:\/\/www.cgt-hopital-manosque.fr\/?p=1208"},"modified":"2013-05-26T18:25:50","modified_gmt":"2013-05-26T18:25:50","slug":"27-mai-2013-la-cgt-dit-stop-a-lacharnement-contre-les-5-de-roanne","status":"publish","type":"post","link":"http:\/\/www.cgt-hopital-manosque.fr\/?p=1208","title":{"rendered":"27 mai 2013 &#8211; La CGT dit STOP \u00e0 l&rsquo;acharnement contre \u00ab\u00a0les 5 de Roanne\u00a0\u00bb !"},"content":{"rendered":"<p style= \"text-align: justify;\">Et STOP \u00e0 la criminalisation des syndicalistes !<br \/>\nLes d\u00e9placements, les interventions et les p\u00e9titions se multiplient afin de soutenir \u00ab\u00a0les 5 camarades de Roanne\u00a0\u00bb (dont 3 agents hospitaliers) qui avaient \u00e9t\u00e9 poursuivis puis relax\u00e9s suite aux manifestations au moment des retraites en 2010 : ils avaient fait quelques graffitis sur un b\u00e2timent public \u00ab\u00a0casse-toi pauvre con&#8230;.\u00a0\u00bb. <\/p>\n<p style= \"text-align: justify;\">Ils ont re\u00e7u d\u00e9but mai, par lettre recommand\u00e9e avec AR l&rsquo;injonction d&rsquo;1 pr\u00e9l\u00e8vement d&rsquo;ADN le 22 mai !!! Comme \u00e0 des violeurs !!! S&rsquo;ils refusent, ils risquent 1500 euros et 1 an ferme !!!! <\/p>\n<p style= \"text-align: justify;\">Le 22 mai, ILS ONT REFUSE LE PRELEVEMENT D ADN, CE QUI VEUT DIRE POURSUITES FINANCIERES ET JUDICIAIRES&#8230;.ILS ONT RENDUS LEURS CARTES D&rsquo;ELECTEUR AU PREFET&#8230;.. <\/p>\n<p style= \"text-align: justify;\">Suite \u00e0 cet acte de bravoure de nos 5 camarades militants de Roanne, les policiers sont all\u00e9s chez eux jeudi 23 mai, d\u00e8s 6h30 le matin, et les ont plac\u00e9s en garde \u00e0 vue: prise d&rsquo; empreintes digitales et photographies&#8230;&#8230;Ils sont convoqu\u00e9s devant le  tribunal le 5 novembre 2013&#8230; <\/p>\n<p style= \"text-align: justify;\">On salue leur courage et leur d\u00e9termination sans oublier les cons\u00e9quences induites sur leur vie de famille et leur sant\u00e9. <\/p>\n<p style= \"text-align: justify;\">Quelle injustice  de criminaliser des militants qui donnent leur temps et leur \u00e9nergie pour d\u00e9fendre les droits des autres sans rien attendre en retour, et encore moins des retours de ce type&#8230; <\/p>\n<p style= \"text-align: justify;\">Cela se passe dans un contexte particulier : dans le d\u00e9partement de la Loire(42), comme d\u2019 autres d\u00e9partements, les proc\u00e9dures d&rsquo;intimidations se multiplient : les syndicalistes impliqu\u00e9s dans le combat pour la d\u00e9fense de leurs coll\u00e8gues sont \u00ab\u00a0mis au placard\u00a0\u00bb, changements de services impos\u00e9s, proc\u00e9dures disciplinaires, voire licenciements sur la base de faux t\u00e9moignages, d\u00e9nonciations calomnieuses de maltraitance ou  de mauvais soins sur les patients&#8230; <\/p>\n<p style= \"text-align: justify;\">Lors d&rsquo;Assembl\u00e9es de militants dans les Unions locales, les salari\u00e9s militants du secteur priv\u00e9 confirment ces m\u00e9thodes : recherche de la faute, interpr\u00e9tations de propos, harc\u00e8lement, boucs \u00e9missaires&#8230;. <\/p>\n<p style= \"text-align: justify;\">Titulaires  depuis longtemps, certains agents disent avoir peur de venir au local CGT et d&rsquo;avoir des repr\u00e9sailles de la part de leurs sup\u00e9rieurs: ils demandent de passer les voir sous le couvert du CHSCT dans leurs services, ou alors t\u00e9l\u00e9phonent, en pr\u00e9cisant leur besoin  d\u2019aide par rapport \u00e0 un management pervers et insupportable, mais ne veulent surtout pas qu&rsquo;on prononce leurs noms!!! <\/p>\n<p style= \"text-align: justify;\">Il faut \u00eatre vraiment motiv\u00e9s pour d\u00e9fendre les acquis, l\u2019\u00e9galit\u00e9 de traitement et porter les revendications&#8230; Pas aid\u00e9s par le gouvernement en place (Loi d&rsquo;Amnistie, retraites&#8230;.) les salari\u00e9s  s\u2019interrogent sur la politique gouvernementale  qui pousse les plus d\u00e9munis, \u00e0  courber l\u2019\u00e9chine, \u00e0 se r\u00e9signer, et \u00e0 renoncer&#8230; Comme si tout \u00e9tait foutu d&rsquo;avance&#8230;  lever la t\u00eate, s&rsquo;opposer et oser dire \u00ab\u00a0non\u00a0\u00bb, semble au dessus de leur force. Sous anti d\u00e9presseurs, ou en tentant des reconversions professionnelles&#8230;.Ils essaient de  survivre mais un professionnel est un \u00eatre humain avant tout et la soumission ou le silence de ces situations  entretiennent ce syst\u00e8me destructeur&#8230;L&rsquo;ambiance au travail en p\u00e2tit, les conflits d&rsquo;\u00e9quipes sont nombreux&#8230; La division des salari\u00e9s  gagne du terrain, ils s\u2019isolent et  rompent les liens qui les rendraient plus pugnaces!!!!! <\/p>\n<p style= \"text-align: justify;\">Dans ce climat de souffrance&#8230;..la CGT  continue de discuter, de convaincre que tout est possible, tous ensemble car l\u2019&rsquo;union fait la force&#8230; <\/p>\n<p style= \"text-align: justify;\">N&rsquo;h\u00e9sitez pas \u00e0 signer et \u00e0 faire signer  la p\u00e9tition de soutien en ligne : \u00ab\u00a0aux 5 camarades de Roanne\u00a0\u00bb<\/p>\n<p><strong><a href=\"http:\/\/www.petitions24.net\/comitedesoutien\" target=\"_blank\">http:\/\/www.petitions24.net\/comitedesoutien<\/a><\/strong><\/p>\n<p><a href=\"http:\/\/www.cgt-hopital-manosque.fr\/wp-content\/uploads\/2013\/05\/137.-Les-5-de-Roanne-version-modifi\u00e9.jpg\"><img loading=\"lazy\" decoding=\"async\" src=\"http:\/\/www.cgt-hopital-manosque.fr\/wp-content\/uploads\/2013\/05\/137.-Les-5-de-Roanne-version-modifi\u00e9.jpg\" alt=\"\" width=\"685\" height=\"642\" class=\"aligncenter size-full wp-image-1209\" srcset=\"http:\/\/www.cgt-hopital-manosque.fr\/wp-content\/uploads\/2013\/05\/137.-Les-5-de-Roanne-version-modifi\u00e9.jpg 685w, http:\/\/www.cgt-hopital-manosque.fr\/wp-content\/uploads\/2013\/05\/137.-Les-5-de-Roanne-version-modifi\u00e9-300x281.jpg 300w\" sizes=\"(max-width: 685px) 100vw, 685px\" \/><\/a><\/p>\n","protected":false},"excerpt":{"rendered":"<p>Et STOP \u00e0 la criminalisation des syndicalistes ! Les d\u00e9placements, les interventions et les p\u00e9titions se multiplient afin de soutenir \u00ab\u00a0les 5 camarades de Roanne\u00a0\u00bb (dont 3 agents hospitaliers) qui avaient \u00e9t\u00e9 poursuivis puis relax\u00e9s suite aux manifestations au moment des retraites en 2010 : ils avaient fait quelques graffitis sur un b\u00e2timent public \u00ab\u00a0casse-toi [&hellip;]<\/p>\n","protected":false},"author":1,"featured_media":0,"comment_status":"closed","ping_status":"open","sticky":false,"template":"","format":"standard","meta":{"footnotes":""},"categories":[8],"tags":[],"views":2319,"_links":{"self":[{"href":"http:\/\/www.cgt-hopital-manosque.fr\/index.php?rest_route=\/wp\/v2\/posts\/1208"}],"collection":[{"href":"http:\/\/www.cgt-hopital-manosque.fr\/index.php?rest_route=\/wp\/v2\/posts"}],"about":[{"href":"http:\/\/www.cgt-hopital-manosque.fr\/index.php?rest_route=\/wp\/v2\/types\/post"}],"author":[{"embeddable":true,"href":"http:\/\/www.cgt-hopital-manosque.fr\/index.php?rest_route=\/wp\/v2\/users\/1"}],"replies":[{"embeddable":true,"href":"http:\/\/www.cgt-hopital-manosque.fr\/index.php?rest_route=%2Fwp%2Fv2%2Fcomments&post=1208"}],"version-history":[{"count":15,"href":"http:\/\/www.cgt-hopital-manosque.fr\/index.php?rest_route=\/wp\/v2\/posts\/1208\/revisions"}],"predecessor-version":[{"id":1221,"href":"http:\/\/www.cgt-hopital-manosque.fr\/index.php?rest_route=\/wp\/v2\/posts\/1208\/revisions\/1221"}],"wp:attachment":[{"href":"http:\/\/www.cgt-hopital-manosque.fr\/index.php?rest_route=%2Fwp%2Fv2%2Fmedia&parent=1208"}],"wp:term":[{"taxonomy":"category","embeddable":true,"href":"http:\/\/www.cgt-hopital-manosque.fr\/index.php?rest_route=%2Fwp%2Fv2%2Fcategories&post=1208"},{"taxonomy":"post_tag","embeddable":true,"href":"http:\/\/www.cgt-hopital-manosque.fr\/index.php?rest_route=%2Fwp%2Fv2%2Ftags&post=1208"}],"curies":[{"name":"wp","href":"https:\/\/api.w.org\/{rel}","templated":true}]}}