{"id":1305,"date":"2013-06-17T21:38:14","date_gmt":"2013-06-17T21:38:14","guid":{"rendered":"http:\/\/www.cgt-hopital-manosque.fr\/?p=1305"},"modified":"2015-02-01T17:56:12","modified_gmt":"2015-02-01T17:56:12","slug":"18-juin-2013-rapport-commission-moreau-pour-lavenir-des-retraites-larnaque-du-calcul-de-la-pension-des-fonctionnaires-sur-une-reference-de-plusieurs-annees","status":"publish","type":"post","link":"http:\/\/www.cgt-hopital-manosque.fr\/?p=1305","title":{"rendered":"18 juin 2013 &#8211; Rapport Commission Moreau pour l\u2019avenir des retraites &#8211; L\u2019arnaque du calcul de la pension des fonctionnaires sur une r\u00e9f\u00e9rence de plusieurs ann\u00e9es"},"content":{"rendered":"<p style= \"text-align: justify;\">La commission \u00ab Moreau \u00bb, d\u2019experts devant explorer diverses hypoth\u00e8ses de r\u00e9forme des retraites, a \u00e9voqu\u00e9 devant les directions des conf\u00e9d\u00e9rations syndicales l\u2019hypoth\u00e8se d\u2019un calcul des pensions des fonctionnaires sur les 10 derni\u00e8res ann\u00e9es. <\/p>\n<p><strong>Les fonctionnaires retrait\u00e9s ne sont pas des privil\u00e9gi\u00e9s. <\/strong><\/p>\n<p style= \"text-align: justify;\">Les gouvernements de droite ont renonc\u00e9 en 2003 et en 2010 \u00e0 ne plus calculer la retraite des fonctionnaires sur les 6 derniers mois de carri\u00e8re. Ils ont consid\u00e9r\u00e9 que la comparaison avec les retraites du priv\u00e9 ne permettait pas de baisser de fa\u00e7on importante les pensions du public. <\/p>\n<p style= \"text-align: justify;\">Le tableau de comparaison montre que la seule sup\u00e9riorit\u00e9 de la Fonction publique, c\u2019est de moins souffrir de l\u2019in\u00e9galit\u00e9 salariale entre femmes et hommes. Notre objectif reste l\u2019\u00e9galit\u00e9 compl\u00e8te. <\/p>\n<p style= \"text-align: justify;\">Les pensions des fonctionnaires sont comparables avec celles de l\u2019ensemble des retrait\u00e9s. <\/p>\n<p>Pour consulter ou t\u00e9l\u00e9charger le document complet,  <strong><a href=\"http:\/\/www.cgt-hopital-manosque.fr\/wp-content\/uploads\/2013\/06\/161.-Rapport-Commission-Moreau-Arnaque.pdf\">cliquer ici<\/a><\/strong><\/p>\n","protected":false},"excerpt":{"rendered":"<p>La commission \u00ab Moreau \u00bb, d\u2019experts devant explorer diverses hypoth\u00e8ses de r\u00e9forme des retraites, a \u00e9voqu\u00e9 devant les directions des conf\u00e9d\u00e9rations syndicales l\u2019hypoth\u00e8se d\u2019un calcul des pensions des fonctionnaires sur les 10 derni\u00e8res ann\u00e9es. Les fonctionnaires retrait\u00e9s ne sont pas des privil\u00e9gi\u00e9s. Les gouvernements de droite ont renonc\u00e9 en 2003 et en 2010 \u00e0 ne [&hellip;]<\/p>\n","protected":false},"author":1,"featured_media":0,"comment_status":"closed","ping_status":"open","sticky":false,"template":"","format":"standard","meta":{"footnotes":""},"categories":[8,5],"tags":[],"views":1974,"_links":{"self":[{"href":"http:\/\/www.cgt-hopital-manosque.fr\/index.php?rest_route=\/wp\/v2\/posts\/1305"}],"collection":[{"href":"http:\/\/www.cgt-hopital-manosque.fr\/index.php?rest_route=\/wp\/v2\/posts"}],"about":[{"href":"http:\/\/www.cgt-hopital-manosque.fr\/index.php?rest_route=\/wp\/v2\/types\/post"}],"author":[{"embeddable":true,"href":"http:\/\/www.cgt-hopital-manosque.fr\/index.php?rest_route=\/wp\/v2\/users\/1"}],"replies":[{"embeddable":true,"href":"http:\/\/www.cgt-hopital-manosque.fr\/index.php?rest_route=%2Fwp%2Fv2%2Fcomments&post=1305"}],"version-history":[{"count":5,"href":"http:\/\/www.cgt-hopital-manosque.fr\/index.php?rest_route=\/wp\/v2\/posts\/1305\/revisions"}],"predecessor-version":[{"id":3295,"href":"http:\/\/www.cgt-hopital-manosque.fr\/index.php?rest_route=\/wp\/v2\/posts\/1305\/revisions\/3295"}],"wp:attachment":[{"href":"http:\/\/www.cgt-hopital-manosque.fr\/index.php?rest_route=%2Fwp%2Fv2%2Fmedia&parent=1305"}],"wp:term":[{"taxonomy":"category","embeddable":true,"href":"http:\/\/www.cgt-hopital-manosque.fr\/index.php?rest_route=%2Fwp%2Fv2%2Fcategories&post=1305"},{"taxonomy":"post_tag","embeddable":true,"href":"http:\/\/www.cgt-hopital-manosque.fr\/index.php?rest_route=%2Fwp%2Fv2%2Ftags&post=1305"}],"curies":[{"name":"wp","href":"https:\/\/api.w.org\/{rel}","templated":true}]}}