{"id":1331,"date":"2013-06-24T19:22:27","date_gmt":"2013-06-24T19:22:27","guid":{"rendered":"http:\/\/www.cgt-hopital-manosque.fr\/?p=1331"},"modified":"2015-02-01T17:56:12","modified_gmt":"2015-02-01T17:56:12","slug":"plus-de-8-francais-sur-10-sont-tres-attaches-au-principe-daccessibilite-a-lhopital","status":"publish","type":"post","link":"http:\/\/www.cgt-hopital-manosque.fr\/?p=1331","title":{"rendered":"25 juin 2013 &#8211; Plus de 8 Fran\u00e7ais sur 10 sont tr\u00e8s attach\u00e9s au principe d&rsquo;accessibilit\u00e9 \u00e0 l&rsquo;h\u00f4pital"},"content":{"rendered":"<p><a href=\"http:\/\/www.cgt-hopital-manosque.fr\/wp-content\/uploads\/2013\/06\/162.-Plus-de-8-Fran\u00e7ais-sur-10-sont-tr\u00e8s-attach\u00e9s-\u00e0-lh\u00f4pital-POUR-AVIS.jpg\"><img loading=\"lazy\" decoding=\"async\" src=\"http:\/\/www.cgt-hopital-manosque.fr\/wp-content\/uploads\/2013\/06\/162.-Plus-de-8-Fran\u00e7ais-sur-10-sont-tr\u00e8s-attach\u00e9s-\u00e0-lh\u00f4pital-POUR-AVIS.jpg\" alt=\"\" width=\"259\" height=\"194\" class=\"aligncenter size-full wp-image-1332\" \/><\/a><\/p>\n<p>( source : FHF\/ Sofres)<\/p>\n<p style= \"text-align: justify;\">81% de la population fran\u00e7aise interrog\u00e9e ont une bonne opinion de l&rsquo;h\u00f4pital public et ils r\u00e9affirment leur attachement au principe de l&rsquo;accessibilit\u00e9 \u00e0 l&rsquo;h\u00f4pital public tant sur le plan g\u00e9ographique que financier.<\/p>\n<p style= \"text-align: justify;\">35% des Fran\u00e7ais se sont rendus aux urgences cette ann\u00e9e. Les principales raisons \u00e9nonc\u00e9es sont la garantie d&rsquo;\u00eatre hospitalis\u00e9s en cas de besoin et la r\u00e9alisation en un m\u00eame lieu des diff\u00e9rents examens.<\/p>\n<p style= \"text-align: justify;\">59% des personnes sond\u00e9es affirment \u00eatre d\u00e9j\u00e0 pr\u00eates \u00e0 la t\u00e9l\u00e9surveillance m\u00e9dicale pour la transmission de donn\u00e9es m\u00e9dicales interpr\u00e9t\u00e9es par un professionnel de sant\u00e9 \u00e0 distance.<\/p>\n<p style= \"text-align: justify;\">Le principe d&rsquo;accessibilit\u00e9 \u00e0 l&rsquo;offre de soins : une valeur structurante de l&rsquo;h\u00f4pital public.<\/p>\n","protected":false},"excerpt":{"rendered":"<p>( source : FHF\/ Sofres) 81% de la population fran\u00e7aise interrog\u00e9e ont une bonne opinion de l&rsquo;h\u00f4pital public et ils r\u00e9affirment leur attachement au principe de l&rsquo;accessibilit\u00e9 \u00e0 l&rsquo;h\u00f4pital public tant sur le plan g\u00e9ographique que financier. 35% des Fran\u00e7ais se sont rendus aux urgences cette ann\u00e9e. Les principales raisons \u00e9nonc\u00e9es sont la garantie d&rsquo;\u00eatre [&hellip;]<\/p>\n","protected":false},"author":1,"featured_media":0,"comment_status":"closed","ping_status":"open","sticky":false,"template":"","format":"standard","meta":{"footnotes":""},"categories":[8],"tags":[],"views":2067,"_links":{"self":[{"href":"http:\/\/www.cgt-hopital-manosque.fr\/index.php?rest_route=\/wp\/v2\/posts\/1331"}],"collection":[{"href":"http:\/\/www.cgt-hopital-manosque.fr\/index.php?rest_route=\/wp\/v2\/posts"}],"about":[{"href":"http:\/\/www.cgt-hopital-manosque.fr\/index.php?rest_route=\/wp\/v2\/types\/post"}],"author":[{"embeddable":true,"href":"http:\/\/www.cgt-hopital-manosque.fr\/index.php?rest_route=\/wp\/v2\/users\/1"}],"replies":[{"embeddable":true,"href":"http:\/\/www.cgt-hopital-manosque.fr\/index.php?rest_route=%2Fwp%2Fv2%2Fcomments&post=1331"}],"version-history":[{"count":3,"href":"http:\/\/www.cgt-hopital-manosque.fr\/index.php?rest_route=\/wp\/v2\/posts\/1331\/revisions"}],"predecessor-version":[{"id":3291,"href":"http:\/\/www.cgt-hopital-manosque.fr\/index.php?rest_route=\/wp\/v2\/posts\/1331\/revisions\/3291"}],"wp:attachment":[{"href":"http:\/\/www.cgt-hopital-manosque.fr\/index.php?rest_route=%2Fwp%2Fv2%2Fmedia&parent=1331"}],"wp:term":[{"taxonomy":"category","embeddable":true,"href":"http:\/\/www.cgt-hopital-manosque.fr\/index.php?rest_route=%2Fwp%2Fv2%2Fcategories&post=1331"},{"taxonomy":"post_tag","embeddable":true,"href":"http:\/\/www.cgt-hopital-manosque.fr\/index.php?rest_route=%2Fwp%2Fv2%2Ftags&post=1331"}],"curies":[{"name":"wp","href":"https:\/\/api.w.org\/{rel}","templated":true}]}}