{"id":1417,"date":"2013-07-18T16:14:01","date_gmt":"2013-07-18T16:14:01","guid":{"rendered":"http:\/\/www.cgt-hopital-manosque.fr\/?p=1417"},"modified":"2015-02-01T17:56:11","modified_gmt":"2015-02-01T17:56:11","slug":"19-juillet-2013-le-scandale-des-dernieres-grilles-indiciaires-et-des-modifications-a-la-baisse-des-ratios-pour-les-avancements-de-grade","status":"publish","type":"post","link":"http:\/\/www.cgt-hopital-manosque.fr\/?p=1417","title":{"rendered":"19 juillet 2013 &#8211; Le scandale des derni\u00e8res grilles indiciaires et des modifications \u00e0 la baisse des ratios pour les avancements de grade"},"content":{"rendered":"<p style= \"text-align: justify;\">Le 28 juin 2013, le minist\u00e8re a pr\u00e9sent\u00e9 aux organisations syndicales des grilles indiciaires pour la  cat\u00e9gorie C dans le cadre d\u2019une mesure d\u2019urgence applicable au 1er janvier 2014 ! <\/p>\n<p style= \"text-align: justify;\">Ces grilles sont d\u00e9j\u00e0 distribu\u00e9es aux personnels dans les \u00e9tablissements partout en France ! <\/p>\n<p style= \"text-align: justify;\">Enfin les personnels entrevoyaient un petit peu de bleu  dans ce ciel sombre de l\u2019aust\u00e9rit\u00e9 ! <\/p>\n<p style= \"text-align: justify;\">Le gouvernement a fait volte face  lors de la deuxi\u00e8me r\u00e9union de concertation du 9 juillet dernier. <\/p>\n<p style= \"text-align: justify;\">La Pr\u00e9sentation de nouvelles grilles est revue \u00e0 la baisse, nettement inf\u00e9rieures aux grilles pr\u00e9sent\u00e9es \u00e0 la r\u00e9union du 28 juin ! <\/p>\n<p style= \"text-align: justify;\">La CGT d\u00e9clarait d\u00e9j\u00e0 que les grilles du 28 juin n\u2019\u00e9taient que du saupoudrage, bien en de\u00e7\u00e0 de nos revendications. <\/p>\n<p style= \"text-align: justify;\">Les ratios sont revus \u00e9galement \u00e0 la baisse. <\/p>\n<p style= \"text-align: justify;\">La Direction G\u00e9n\u00e9rale de l\u2019Offre de Soins  vient de communiquer l\u2019arr\u00eat\u00e9 du 15 juillet 2013 modifiant l\u2019arr\u00eat\u00e9 du 11 octobre 2007 modifi\u00e9 d\u00e9terminant les taux de promotion dans certains corps de la fonction publique hospitali\u00e8re. <\/p>\n<p style= \"text-align: justify;\">La DGOS a pr\u00e9cis\u00e9 que la r\u00e9duction des ratios promu-promouvables, pr\u00e9vue par l&rsquo;arr\u00eat\u00e9 du 15 juillet 2013, a \u00e9t\u00e9 expliqu\u00e9e par la r\u00e9alit\u00e9 d\u00e9mographique de certains corps. Cependant, elle a \u00e9galement indiqu\u00e9 que s\u2019agissant des corps et grades de cat\u00e9gorie C concern\u00e9s par l\u2019arr\u00eat\u00e9 du 15 juillet 2013, un arr\u00eat\u00e9 rectificatif pourrait \u00eatre publi\u00e9, s\u2019il est possible d\u2019obtenir d\u2019ici d\u00e9but septembre une am\u00e9lioration des taux. <\/p>\n<p style= \"text-align: justify;\">Les corps concern\u00e9s sont ceux : <\/p>\n<p style= \"text-align: justify;\">&#8211;          des adjoints administratifs<br \/>\nadjoint administratif 1\u00e8re classe : 12% remplac\u00e9 par 6% en 2013 <\/p>\n<p style= \"text-align: justify;\">&#8211;          des aides-soignants et ASHQ<br \/>\nAS classe sup\u00e9rieure : 15% remplac\u00e9 par 10% en 2013<br \/>\nAS classe exceptionnelle : 20% remplac\u00e9 par 15% en 2013 <\/p>\n<p style= \"text-align: justify;\">Le gel du point d\u2019indice, les grilles indiciaires revues \u00e0 la baisse et la diminution du pourcentage des ratios de la cat\u00e9gorie C sont autant de sujets de m\u00e9contentement  des agents des cat\u00e9gories C, les parents pauvres des diff\u00e9rentes Fonctions Publiques. <\/p>\n<p style= \"text-align: justify;\">Cat\u00e9gorie A et B : <\/p>\n<p style= \"text-align: justify;\">Pour information  les ratios des IDE cat\u00e9gorie B et des attach\u00e9s d\u2019administration Hospitali\u00e8re sont aussi revus \u00e0 la baisse. <\/p>\n<p style= \"text-align: justify;\"> &#8211;          des infirmiers r\u00e9gis par le d\u00e9cret n\u00b088-1077 du 30 novembre 1988 (cat\u00e9gorie B)<br \/>\ninfirmier classe sup\u00e9rieure : 26% remplac\u00e9 par 18% en 2013      <\/p>\n<p style= \"text-align: justify;\">\n&#8211;\t  des attach\u00e9s d\u2019administration hospitali\u00e8re<br \/>\nAAH principaux : 15% remplac\u00e9 par 10% en 2013 <\/p>\n","protected":false},"excerpt":{"rendered":"<p>Le 28 juin 2013, le minist\u00e8re a pr\u00e9sent\u00e9 aux organisations syndicales des grilles indiciaires pour la cat\u00e9gorie C dans le cadre d\u2019une mesure d\u2019urgence applicable au 1er janvier 2014 ! Ces grilles sont d\u00e9j\u00e0 distribu\u00e9es aux personnels dans les \u00e9tablissements partout en France ! Enfin les personnels entrevoyaient un petit peu de bleu dans ce [&hellip;]<\/p>\n","protected":false},"author":1,"featured_media":0,"comment_status":"closed","ping_status":"open","sticky":false,"template":"","format":"standard","meta":{"footnotes":""},"categories":[8,5],"tags":[],"views":2384,"_links":{"self":[{"href":"http:\/\/www.cgt-hopital-manosque.fr\/index.php?rest_route=\/wp\/v2\/posts\/1417"}],"collection":[{"href":"http:\/\/www.cgt-hopital-manosque.fr\/index.php?rest_route=\/wp\/v2\/posts"}],"about":[{"href":"http:\/\/www.cgt-hopital-manosque.fr\/index.php?rest_route=\/wp\/v2\/types\/post"}],"author":[{"embeddable":true,"href":"http:\/\/www.cgt-hopital-manosque.fr\/index.php?rest_route=\/wp\/v2\/users\/1"}],"replies":[{"embeddable":true,"href":"http:\/\/www.cgt-hopital-manosque.fr\/index.php?rest_route=%2Fwp%2Fv2%2Fcomments&post=1417"}],"version-history":[{"count":4,"href":"http:\/\/www.cgt-hopital-manosque.fr\/index.php?rest_route=\/wp\/v2\/posts\/1417\/revisions"}],"predecessor-version":[{"id":3279,"href":"http:\/\/www.cgt-hopital-manosque.fr\/index.php?rest_route=\/wp\/v2\/posts\/1417\/revisions\/3279"}],"wp:attachment":[{"href":"http:\/\/www.cgt-hopital-manosque.fr\/index.php?rest_route=%2Fwp%2Fv2%2Fmedia&parent=1417"}],"wp:term":[{"taxonomy":"category","embeddable":true,"href":"http:\/\/www.cgt-hopital-manosque.fr\/index.php?rest_route=%2Fwp%2Fv2%2Fcategories&post=1417"},{"taxonomy":"post_tag","embeddable":true,"href":"http:\/\/www.cgt-hopital-manosque.fr\/index.php?rest_route=%2Fwp%2Fv2%2Ftags&post=1417"}],"curies":[{"name":"wp","href":"https:\/\/api.w.org\/{rel}","templated":true}]}}