{"id":1422,"date":"2013-07-22T18:14:28","date_gmt":"2013-07-22T18:14:28","guid":{"rendered":"http:\/\/www.cgt-hopital-manosque.fr\/?p=1422"},"modified":"2015-02-01T18:33:22","modified_gmt":"2015-02-01T18:33:22","slug":"23-juillet-2013-festival-davignon-off-2013-cour-nord-un-theatre-engage","status":"publish","type":"post","link":"http:\/\/www.cgt-hopital-manosque.fr\/?p=1422","title":{"rendered":"23 juillet 2013 &#8211; Festival d&rsquo;Avignon off 2013 : \u00ab\u00a0Cour Nord\u00a0\u00bb&#8230;un th\u00e9\u00e2tre engag\u00e9"},"content":{"rendered":"<p><a href=\"http:\/\/www.cgt-hopital-manosque.fr\/wp-content\/uploads\/2013\/07\/Gr\u00e8ve-et-r\u00eave.jpg\"><img loading=\"lazy\" decoding=\"async\" src=\"http:\/\/www.cgt-hopital-manosque.fr\/wp-content\/uploads\/2013\/07\/Gr\u00e8ve-et-r\u00eave.jpg\" alt=\"\" width=\"196\" height=\"258\" class=\"aligncenter size-full wp-image-1423\" \/><\/a><\/p>\n<p style= \"text-align: justify;\">Des ouvriers du Nord entament leur dix-septi\u00e8me journ\u00e9e de gr\u00e8ve pour emp\u00eacher la fermeture de leur usine et tous les drames humains qui en d\u00e9couleraient. <\/p>\n<p style= \"text-align: justify;\">Tensions, gr\u00e8ve, gr\u00e8ve de la faim, rapports humains et solidarit\u00e9 sont au rendez-vous de cette repr\u00e9sentation dynamique et tr\u00e8s vivante o\u00f9 trois com\u00e9diens interpr\u00e8tent une quinzaine de personnages. <\/p>\n<p style= \"text-align: justify;\">Le message de \u00ab\u00a0Cour Nord\u00a0\u00bb est saisissant et ancr\u00e9 dans une actualit\u00e9 br\u00fblante que les m\u00e9dias ignorent ou alors traite en oubliant le fond, et en mettant en avant la forme et les faits divers. Cette \u0153uvre originale et intelligente nous oblige \u00e0 r\u00e9fl\u00e9chir \u00e0 la n\u00e9cessit\u00e9 de se battre pour ne pas se laisser d\u00e9vorer. <\/p>\n<p style= \"text-align: justify;\">\u00ab\u00a0Cour Nord\u00a0\u00bb : en repr\u00e9sentation jusqu&rsquo;au 31 juillet \u00e0 17h55 au th\u00e9\u00e2tre de l&rsquo;Aliz\u00e9. <\/p>\n","protected":false},"excerpt":{"rendered":"<p>Des ouvriers du Nord entament leur dix-septi\u00e8me journ\u00e9e de gr\u00e8ve pour emp\u00eacher la fermeture de leur usine et tous les drames humains qui en d\u00e9couleraient. Tensions, gr\u00e8ve, gr\u00e8ve de la faim, rapports humains et solidarit\u00e9 sont au rendez-vous de cette repr\u00e9sentation dynamique et tr\u00e8s vivante o\u00f9 trois com\u00e9diens interpr\u00e8tent une quinzaine de personnages. Le message [&hellip;]<\/p>\n","protected":false},"author":1,"featured_media":0,"comment_status":"closed","ping_status":"open","sticky":false,"template":"","format":"standard","meta":{"footnotes":""},"categories":[1],"tags":[],"views":27298,"_links":{"self":[{"href":"http:\/\/www.cgt-hopital-manosque.fr\/index.php?rest_route=\/wp\/v2\/posts\/1422"}],"collection":[{"href":"http:\/\/www.cgt-hopital-manosque.fr\/index.php?rest_route=\/wp\/v2\/posts"}],"about":[{"href":"http:\/\/www.cgt-hopital-manosque.fr\/index.php?rest_route=\/wp\/v2\/types\/post"}],"author":[{"embeddable":true,"href":"http:\/\/www.cgt-hopital-manosque.fr\/index.php?rest_route=\/wp\/v2\/users\/1"}],"replies":[{"embeddable":true,"href":"http:\/\/www.cgt-hopital-manosque.fr\/index.php?rest_route=%2Fwp%2Fv2%2Fcomments&post=1422"}],"version-history":[{"count":4,"href":"http:\/\/www.cgt-hopital-manosque.fr\/index.php?rest_route=\/wp\/v2\/posts\/1422\/revisions"}],"predecessor-version":[{"id":1953,"href":"http:\/\/www.cgt-hopital-manosque.fr\/index.php?rest_route=\/wp\/v2\/posts\/1422\/revisions\/1953"}],"wp:attachment":[{"href":"http:\/\/www.cgt-hopital-manosque.fr\/index.php?rest_route=%2Fwp%2Fv2%2Fmedia&parent=1422"}],"wp:term":[{"taxonomy":"category","embeddable":true,"href":"http:\/\/www.cgt-hopital-manosque.fr\/index.php?rest_route=%2Fwp%2Fv2%2Fcategories&post=1422"},{"taxonomy":"post_tag","embeddable":true,"href":"http:\/\/www.cgt-hopital-manosque.fr\/index.php?rest_route=%2Fwp%2Fv2%2Ftags&post=1422"}],"curies":[{"name":"wp","href":"https:\/\/api.w.org\/{rel}","templated":true}]}}