{"id":1444,"date":"2013-07-28T18:40:06","date_gmt":"2013-07-28T18:40:06","guid":{"rendered":"http:\/\/www.cgt-hopital-manosque.fr\/?p=1444"},"modified":"2015-02-01T17:56:11","modified_gmt":"2015-02-01T17:56:11","slug":"29-juillet-2013-precarises-pas-demotives-les-jeunes-le-travail-lengagement","status":"publish","type":"post","link":"http:\/\/www.cgt-hopital-manosque.fr\/?p=1444","title":{"rendered":"29 juillet 2013 &#8211; Pr\u00e9caris\u00e9s, pas d\u00e9motiv\u00e9s : les jeunes, le travail, l&rsquo;engagement"},"content":{"rendered":"<p><a href=\"http:\/\/www.cgt-hopital-manosque.fr\/wp-content\/uploads\/2013\/07\/176.-Pr\u00e9caris\u00e9s-pas-d\u00e9motiv\u00e9s-les-jeunes-le-travail-lengagement-OK-A-INSERER.jpg\"><img loading=\"lazy\" decoding=\"async\" src=\"http:\/\/www.cgt-hopital-manosque.fr\/wp-content\/uploads\/2013\/07\/176.-Pr\u00e9caris\u00e9s-pas-d\u00e9motiv\u00e9s-les-jeunes-le-travail-lengagement-OK-A-INSERER.jpg\" alt=\"\" width=\"334\" height=\"500\" class=\"aligncenter size-full wp-image-1445\" srcset=\"http:\/\/www.cgt-hopital-manosque.fr\/wp-content\/uploads\/2013\/07\/176.-Pr\u00e9caris\u00e9s-pas-d\u00e9motiv\u00e9s-les-jeunes-le-travail-lengagement-OK-A-INSERER.jpg 334w, http:\/\/www.cgt-hopital-manosque.fr\/wp-content\/uploads\/2013\/07\/176.-Pr\u00e9caris\u00e9s-pas-d\u00e9motiv\u00e9s-les-jeunes-le-travail-lengagement-OK-A-INSERER-200x300.jpg 200w\" sizes=\"(max-width: 334px) 100vw, 334px\" \/><\/a><\/p>\n<p style= \"text-align: justify;\"> (le nouvel ouvrage de Michel Vakaloulis) <\/p>\n<p style= \"text-align: justify;\">Fruit de deux enqu\u00eates approfondies, cet ouvrage r\u00e9v\u00e8le le malaise qu\u2019\u00e9prouve de nombreux jeunes salari\u00e9s somm\u00e9s de devenir des collaborateurs \u00ab\u00a0performants et d\u00e9vou\u00e9s\u00a0\u00bb et oblig\u00e9s de revoir \u00e0 la baisse leurs ambitions et leurs revendications. <\/p>\n<p style= \"text-align: justify;\">Face \u00e0 l\u2019absence de d\u00e9mocratie dans l\u2019entreprise, les jeunes salari\u00e9s aspirent \u00e0 un syndicalisme porteur et promoteur de projets accessible \u00e0 tous qui rende cr\u00e9dible l\u2019id\u00e9e qu\u2019un autre monde est possible. <\/p>\n<p style= \"text-align: justify;\">En donnant largement la parole aux jeunes, ce livre interroge radicalement les visions habituelles : le rapport entre l\u2019investissement dans le travail et l\u2019engagement citoyen, la relation entre la r\u00e9ussite professionnelle et la solidarit\u00e9, entre valorisation individuelle et qu\u00eate de communaut\u00e9. Nomade, pr\u00e9caris\u00e9s mais pas d\u00e9motiv\u00e9s, tel est le portrait des jeunes salari\u00e9s qui se d\u00e9gage de cette passionnante plong\u00e9e dans leur univers. Qui saura r\u00e9pondre \u00e0 leurs aspirations ? <\/p>\n","protected":false},"excerpt":{"rendered":"<p>(le nouvel ouvrage de Michel Vakaloulis) Fruit de deux enqu\u00eates approfondies, cet ouvrage r\u00e9v\u00e8le le malaise qu\u2019\u00e9prouve de nombreux jeunes salari\u00e9s somm\u00e9s de devenir des collaborateurs \u00ab\u00a0performants et d\u00e9vou\u00e9s\u00a0\u00bb et oblig\u00e9s de revoir \u00e0 la baisse leurs ambitions et leurs revendications. Face \u00e0 l\u2019absence de d\u00e9mocratie dans l\u2019entreprise, les jeunes salari\u00e9s aspirent \u00e0 un syndicalisme [&hellip;]<\/p>\n","protected":false},"author":1,"featured_media":0,"comment_status":"closed","ping_status":"open","sticky":false,"template":"","format":"standard","meta":{"footnotes":""},"categories":[1],"tags":[],"views":33953,"_links":{"self":[{"href":"http:\/\/www.cgt-hopital-manosque.fr\/index.php?rest_route=\/wp\/v2\/posts\/1444"}],"collection":[{"href":"http:\/\/www.cgt-hopital-manosque.fr\/index.php?rest_route=\/wp\/v2\/posts"}],"about":[{"href":"http:\/\/www.cgt-hopital-manosque.fr\/index.php?rest_route=\/wp\/v2\/types\/post"}],"author":[{"embeddable":true,"href":"http:\/\/www.cgt-hopital-manosque.fr\/index.php?rest_route=\/wp\/v2\/users\/1"}],"replies":[{"embeddable":true,"href":"http:\/\/www.cgt-hopital-manosque.fr\/index.php?rest_route=%2Fwp%2Fv2%2Fcomments&post=1444"}],"version-history":[{"count":1,"href":"http:\/\/www.cgt-hopital-manosque.fr\/index.php?rest_route=\/wp\/v2\/posts\/1444\/revisions"}],"predecessor-version":[{"id":1446,"href":"http:\/\/www.cgt-hopital-manosque.fr\/index.php?rest_route=\/wp\/v2\/posts\/1444\/revisions\/1446"}],"wp:attachment":[{"href":"http:\/\/www.cgt-hopital-manosque.fr\/index.php?rest_route=%2Fwp%2Fv2%2Fmedia&parent=1444"}],"wp:term":[{"taxonomy":"category","embeddable":true,"href":"http:\/\/www.cgt-hopital-manosque.fr\/index.php?rest_route=%2Fwp%2Fv2%2Fcategories&post=1444"},{"taxonomy":"post_tag","embeddable":true,"href":"http:\/\/www.cgt-hopital-manosque.fr\/index.php?rest_route=%2Fwp%2Fv2%2Ftags&post=1444"}],"curies":[{"name":"wp","href":"https:\/\/api.w.org\/{rel}","templated":true}]}}