{"id":1462,"date":"2013-07-31T19:06:52","date_gmt":"2013-07-31T19:06:52","guid":{"rendered":"http:\/\/www.cgt-hopital-manosque.fr\/?p=1462"},"modified":"2015-01-25T12:52:37","modified_gmt":"2015-01-25T12:52:37","slug":"1er-aout-2013-urgences-le-112-inconnu-de-trois-quarts-des-europeens","status":"publish","type":"post","link":"http:\/\/www.cgt-hopital-manosque.fr\/?p=1462","title":{"rendered":"1er ao\u00fbt 2013 &#8211; Urgences : le 112 inconnu de trois quarts des Europ\u00e9ens !"},"content":{"rendered":"<p><a href=\"http:\/\/www.cgt-hopital-manosque.fr\/wp-content\/uploads\/2013\/07\/sans-titre.png\"><img loading=\"lazy\" decoding=\"async\" src=\"http:\/\/www.cgt-hopital-manosque.fr\/wp-content\/uploads\/2013\/07\/sans-titre.png\" alt=\"\" width=\"248\" height=\"203\" class=\"aligncenter size-full wp-image-1465\" \/><\/a><\/p>\n<p style= \"text-align: justify;\">Le 112 est le num\u00e9ro europ\u00e9en d&rsquo;urgence \u00e0 partir de n&rsquo;importe quel pays de l&rsquo;Union europ\u00e9enne. Il peut \u00eatre compos\u00e9 gratuitement \u00e0 partir d&rsquo;un t\u00e9l\u00e9phone fixe ou mobile et il est commun pour appeler la police locale, les pompiers ou services m\u00e9dicaux d&rsquo;urgence. Le service est actuellement op\u00e9rationnel dans tous les \u00c9tats membres de l&rsquo;UE. <\/p>\n<p style= \"text-align: justify;\">Le Parlement europ\u00e9en d\u00e9plore que le 112 reste toujours aussi mal connu du public, en d\u00e9pit des engagements de la Commission europ\u00e9enne de le promouvoir largement. <\/p>\n<p style= \"text-align: justify;\">Seuls 27 % des Europ\u00e9ens connaissent l\u2019existence de ce num\u00e9ro, th\u00e9oriquement appel\u00e9 \u00e0 remplacer \u00e0 terme tous les num\u00e9ros nationaux d\u2019urgence. <\/p>\n<p style= \"text-align: justify;\">Hormis quelques pays dont le Danemark, la Su\u00e8de, le Portugal, les Pays-Bas et la Roumanie qui en ont fait leur num\u00e9ro national unique, le 112 cohabite dans la plupart des cas \u2013 souvent de mani\u00e8re confidentielle \u2013 avec une soixantaine de num\u00e9ros nationaux li\u00e9s \u00e0 l\u2019urgence, \u00e0 l\u2019image des 15 et 18 en France. <\/p>\n<p style= \"text-align: justify;\">De plus, la fiabilit\u00e9 des dispositifs de localisation des appelants au 112 reste perfectible, et le num\u00e9ro aurait d\u00fb \u00eatre sp\u00e9cialement accessible aux personnes handicap\u00e9es, ce qui n\u2019est pas le cas. <\/p>\n<p style= \"text-align: justify;\">Le Parlement rel\u00e8ve que plusieurs campagnes d\u2019information sur le 112 promises par la Commission et les \u00c9tats membres sont rest\u00e9es lettre morte. Il attend des explications sur ces retards, ainsi que la mise en place de mesures concr\u00e8tes pour relancer le num\u00e9ro. <\/p>\n<p style= \"text-align: justify;\">Par ailleurs, il estime que les programmes de r\u00e9duction du nombre des bless\u00e9s de la route dans l\u2019UE, actuellement 1,5 million par an dont 300 000 graves, restent trop vagues et impr\u00e9cis. Il souhaiterait la publication d\u2019un manuel recensant les bonnes pratiques pour les soins m\u00e9dicaux prodigu\u00e9s sur place aux bless\u00e9s de la route. <\/p>\n","protected":false},"excerpt":{"rendered":"<p>Le 112 est le num\u00e9ro europ\u00e9en d&rsquo;urgence \u00e0 partir de n&rsquo;importe quel pays de l&rsquo;Union europ\u00e9enne. Il peut \u00eatre compos\u00e9 gratuitement \u00e0 partir d&rsquo;un t\u00e9l\u00e9phone fixe ou mobile et il est commun pour appeler la police locale, les pompiers ou services m\u00e9dicaux d&rsquo;urgence. Le service est actuellement op\u00e9rationnel dans tous les \u00c9tats membres de l&rsquo;UE. [&hellip;]<\/p>\n","protected":false},"author":1,"featured_media":0,"comment_status":"closed","ping_status":"open","sticky":false,"template":"","format":"standard","meta":{"footnotes":""},"categories":[8],"tags":[],"views":2142,"_links":{"self":[{"href":"http:\/\/www.cgt-hopital-manosque.fr\/index.php?rest_route=\/wp\/v2\/posts\/1462"}],"collection":[{"href":"http:\/\/www.cgt-hopital-manosque.fr\/index.php?rest_route=\/wp\/v2\/posts"}],"about":[{"href":"http:\/\/www.cgt-hopital-manosque.fr\/index.php?rest_route=\/wp\/v2\/types\/post"}],"author":[{"embeddable":true,"href":"http:\/\/www.cgt-hopital-manosque.fr\/index.php?rest_route=\/wp\/v2\/users\/1"}],"replies":[{"embeddable":true,"href":"http:\/\/www.cgt-hopital-manosque.fr\/index.php?rest_route=%2Fwp%2Fv2%2Fcomments&post=1462"}],"version-history":[{"count":6,"href":"http:\/\/www.cgt-hopital-manosque.fr\/index.php?rest_route=\/wp\/v2\/posts\/1462\/revisions"}],"predecessor-version":[{"id":3274,"href":"http:\/\/www.cgt-hopital-manosque.fr\/index.php?rest_route=\/wp\/v2\/posts\/1462\/revisions\/3274"}],"wp:attachment":[{"href":"http:\/\/www.cgt-hopital-manosque.fr\/index.php?rest_route=%2Fwp%2Fv2%2Fmedia&parent=1462"}],"wp:term":[{"taxonomy":"category","embeddable":true,"href":"http:\/\/www.cgt-hopital-manosque.fr\/index.php?rest_route=%2Fwp%2Fv2%2Fcategories&post=1462"},{"taxonomy":"post_tag","embeddable":true,"href":"http:\/\/www.cgt-hopital-manosque.fr\/index.php?rest_route=%2Fwp%2Fv2%2Ftags&post=1462"}],"curies":[{"name":"wp","href":"https:\/\/api.w.org\/{rel}","templated":true}]}}