{"id":1483,"date":"2013-08-06T20:11:26","date_gmt":"2013-08-06T20:11:26","guid":{"rendered":"http:\/\/www.cgt-hopital-manosque.fr\/?p=1483"},"modified":"2015-02-01T17:56:11","modified_gmt":"2015-02-01T17:56:11","slug":"7-aout-2013-avec-les-fralib-de-la-resistance-a-lalternative-les-luttes-salimentent-des-luttes","status":"publish","type":"post","link":"http:\/\/www.cgt-hopital-manosque.fr\/?p=1483","title":{"rendered":"7 ao\u00fbt 2013 &#8211; Avec les fralib, de la r\u00e9sistance \u00e0 l&rsquo;alternative : Les luttes s&rsquo;alimentent des luttes"},"content":{"rendered":"<p><a href=\"http:\/\/www.cgt-hopital-manosque.fr\/wp-content\/uploads\/2013\/08\/Avec-les-fralib-de-la-r\u00e9sistance-\u00e0-lalternative.jpg\"><img loading=\"lazy\" decoding=\"async\" src=\"http:\/\/www.cgt-hopital-manosque.fr\/wp-content\/uploads\/2013\/08\/Avec-les-fralib-de-la-r\u00e9sistance-\u00e0-lalternative.jpg\" alt=\"\" width=\"400\" height=\"596\" class=\"aligncenter size-full wp-image-1484\" srcset=\"http:\/\/www.cgt-hopital-manosque.fr\/wp-content\/uploads\/2013\/08\/Avec-les-fralib-de-la-r\u00e9sistance-\u00e0-lalternative.jpg 400w, http:\/\/www.cgt-hopital-manosque.fr\/wp-content\/uploads\/2013\/08\/Avec-les-fralib-de-la-r\u00e9sistance-\u00e0-lalternative-201x300.jpg 201w\" sizes=\"(max-width: 400px) 100vw, 400px\" \/><\/a><\/p>\n<p style= \"text-align: justify;\"> (ouvrage coordonn\u00e9 par H\u00e9l\u00e8ne le Cacheux et Fran\u00e7ois Long\u00e9rinas) <\/p>\n<p style= \"text-align: justify;\">La lutte des Fralib &#8211; Th\u00e9 El\u00e9phant &#8211; est embl\u00e9matique \u00e0 plusieurs titres. Elle nous montre des salari\u00e9s qui refusent de baisser les yeux face \u00e0 Unilever, g\u00e9ant capitaliste de l&rsquo;agro-alimentaire. Non contents de d\u00e9fier la multinationale, ils ont construit un projet alternatif, celui de cr\u00e9er une soci\u00e9t\u00e9 coop\u00e9rative ouvri\u00e8re de production, la \u00ab\u00a0SCOP T.I\u00a0\u00bb. S&rsquo;inscrivant dans une d\u00e9marche de circuits courts, ils feront appel \u00e0 des producteurs locaux pour les ingr\u00e9dients n\u00e9cessaires \u00e0 la fabrication des infusions. Ce livre raconte cette histoire exemplaire. Il est le fruit des travaux du premier \u00ab\u00a0S\u00e9minaire ouvrier\u00a0\u00bb. D&rsquo;autres sont en gestation. Celui-ci s&rsquo;est d\u00e9roul\u00e9 le 8 d\u00e9cembre 2012 sur le site de Fralib, \u00e0 G\u00e9menos, pr\u00e8s d&rsquo;Aubagne. Ensemble, universitaires, journalistes, ouvriers, militants politiques et syndicalistes, ont r\u00e9fl\u00e9chi et d\u00e9battu de l&rsquo;\u00e9conomie sociale et solidaire. Face \u00e0 la domination m\u00e9diatique et id\u00e9ologique du lib\u00e9ralisme, il est urgent de montrer que la lutte de classe est productrice de r\u00e9sistance et d&rsquo;id\u00e9es neuves, qui s\u00e8ment les graines d&rsquo;un autre monde. <\/p>\n","protected":false},"excerpt":{"rendered":"<p>(ouvrage coordonn\u00e9 par H\u00e9l\u00e8ne le Cacheux et Fran\u00e7ois Long\u00e9rinas) La lutte des Fralib &#8211; Th\u00e9 El\u00e9phant &#8211; est embl\u00e9matique \u00e0 plusieurs titres. Elle nous montre des salari\u00e9s qui refusent de baisser les yeux face \u00e0 Unilever, g\u00e9ant capitaliste de l&rsquo;agro-alimentaire. Non contents de d\u00e9fier la multinationale, ils ont construit un projet alternatif, celui de cr\u00e9er [&hellip;]<\/p>\n","protected":false},"author":1,"featured_media":0,"comment_status":"closed","ping_status":"open","sticky":false,"template":"","format":"standard","meta":{"footnotes":""},"categories":[1],"tags":[],"views":34198,"_links":{"self":[{"href":"http:\/\/www.cgt-hopital-manosque.fr\/index.php?rest_route=\/wp\/v2\/posts\/1483"}],"collection":[{"href":"http:\/\/www.cgt-hopital-manosque.fr\/index.php?rest_route=\/wp\/v2\/posts"}],"about":[{"href":"http:\/\/www.cgt-hopital-manosque.fr\/index.php?rest_route=\/wp\/v2\/types\/post"}],"author":[{"embeddable":true,"href":"http:\/\/www.cgt-hopital-manosque.fr\/index.php?rest_route=\/wp\/v2\/users\/1"}],"replies":[{"embeddable":true,"href":"http:\/\/www.cgt-hopital-manosque.fr\/index.php?rest_route=%2Fwp%2Fv2%2Fcomments&post=1483"}],"version-history":[{"count":4,"href":"http:\/\/www.cgt-hopital-manosque.fr\/index.php?rest_route=\/wp\/v2\/posts\/1483\/revisions"}],"predecessor-version":[{"id":1949,"href":"http:\/\/www.cgt-hopital-manosque.fr\/index.php?rest_route=\/wp\/v2\/posts\/1483\/revisions\/1949"}],"wp:attachment":[{"href":"http:\/\/www.cgt-hopital-manosque.fr\/index.php?rest_route=%2Fwp%2Fv2%2Fmedia&parent=1483"}],"wp:term":[{"taxonomy":"category","embeddable":true,"href":"http:\/\/www.cgt-hopital-manosque.fr\/index.php?rest_route=%2Fwp%2Fv2%2Fcategories&post=1483"},{"taxonomy":"post_tag","embeddable":true,"href":"http:\/\/www.cgt-hopital-manosque.fr\/index.php?rest_route=%2Fwp%2Fv2%2Ftags&post=1483"}],"curies":[{"name":"wp","href":"https:\/\/api.w.org\/{rel}","templated":true}]}}