{"id":1488,"date":"2013-08-07T17:54:35","date_gmt":"2013-08-07T17:54:35","guid":{"rendered":"http:\/\/www.cgt-hopital-manosque.fr\/?p=1488"},"modified":"2015-01-25T12:52:36","modified_gmt":"2015-01-25T12:52:36","slug":"8-aout-2013-lanfh-paca-se-mobilise-pour-lutter-contre-lillettrisme-des-agents-hospitaliers","status":"publish","type":"post","link":"http:\/\/www.cgt-hopital-manosque.fr\/?p=1488","title":{"rendered":"8 ao\u00fbt 2013 &#8211; L&rsquo;ANFH PACA se mobilise pour lutter contre l&rsquo;illettrisme des agents hospitaliers"},"content":{"rendered":"<p style= \"text-align: justify;\">De nombreux fran\u00e7ais rencontrent des difficult\u00e9s pour lire, \u00e9crire et compter. Ces personnes ont b\u00e9n\u00e9fici\u00e9 de cet apprentissage mais n&rsquo;ont pas acquis ou alors en ont perdu la maitrise.<\/p>\n<p style= \"text-align: justify;\">L&rsquo;exp\u00e9rience montre que l&rsquo;adulte en situation d&rsquo;illettrisme a du mal \u00e0 garder son emploi, \u00e0 en obtenir un ou \u00e0 en retrouver: le ph\u00e9nom\u00e8ne de l&rsquo;illettrisme p\u00e8se donc sur le ch\u00f4mage ainsi que sur l&rsquo;adaptation au poste de travail.<\/p>\n<p style= \"text-align: justify;\">L&rsquo;illettrisme complique gravement les d\u00e9marches de la vie quotidienne et ne permet pas aux parents de suivre, aussi bien qu&rsquo;ils le souhaiteraient, la formation de leurs enfants.<\/p>\n<p style= \"text-align: justify;\">Cela entra\u00eene donc des difficult\u00e9s dans la vie professionnelle mais \u00e9galement dans la vie priv\u00e9e.<\/p>\n<p style= \"text-align: justify;\">Le ph\u00e9nom\u00e8ne de l&rsquo;illettrisme peut para\u00eetre inconcevable dans un pays o\u00f9 l&rsquo;\u00e9cole est obligatoire depuis plus de cent trente ans &#8211; Jules Ferry l&rsquo;a instaur\u00e9e en 1881 -. Le d\u00e9fi actuel est de prendre en compte des contextes et des rythmes d&rsquo;apprentissage diff\u00e9rents et de valoriser ces richesses intellectuelles potentielles.<\/p>\n<p style= \"text-align: justify;\">L&rsquo;illettrisme, c&rsquo;est le probl\u00e8me individuel de chacun, mais c&rsquo;est aussi la responsabilit\u00e9 de tous. Il se cumule souvent avec les autres facteurs d&rsquo;exclusion et cr\u00e9e un d\u00e9calage culturel qui peut se r\u00e9percuter de g\u00e9n\u00e9ration en g\u00e9n\u00e9ration.<\/p>\n<p style= \"text-align: justify;\">En Provence-Alpes-C\u00f4te d&rsquo;Azur, 305 000 personnes \u00e2g\u00e9es de 16 \u00e0 65 ans, soit un adulte sur dix, rencontrent des difficult\u00e9s pr\u00e9occupantes pour lire ou \u00e9crire un mot, ou encore pour comprendre un texte simple. Dans la r\u00e9gion, cela concerne autant les femmes que les hommes. Toutefois, en Paca, 159 000 personnes, \u00e9tant ou ayant \u00e9t\u00e9 scolaris\u00e9es en France, sont en situation d\u2019illettrisme. Les faibles comp\u00e9tences face \u00e0 l\u2019\u00e9crit ont des cons\u00e9quences dans la vie quotidienne mais \u00e9galement sur un parcours professionnel davantage marqu\u00e9 par l\u2019inactivit\u00e9 et le ch\u00f4mage. Pour autant, une personne en situation pr\u00e9occupante sur deux occupe un emploi.<\/p>\n<p style= \"text-align: justify;\">L&rsquo;enjeu consiste \u00e0 donner ou redonner le go\u00fbt d&rsquo;apprendre, l&rsquo;ambition d&rsquo;entreprendre et surtout permettre \u00e0 la personnalit\u00e9 de s&rsquo;\u00e9panouir, de prendre confiance.<\/p>\n<p style= \"text-align: justify;\">Dans la fonction publique hospitali\u00e8re PACA, plusieurs milliers d&rsquo;agents seraient concern\u00e9s.<\/p>\n<p style= \"text-align: justify;\">Ainsi, l&rsquo;ANFH PACA a d\u00e9cid\u00e9 de mettre en place un projet afin de rep\u00e9rer et d&rsquo;aider les bas niveaux de qualification et les salari\u00e9s en situation d\u2019illettrisme dans la fonction publique hospitali\u00e8re dans la r\u00e9gion.<\/p>\n<p style= \"text-align: justify;\">Une premi\u00e8re r\u00e9union du comit\u00e9 de pilotage a eu lieu le 17 juillet afin de r\u00e9fl\u00e9chir aux enjeux et r\u00e9sultats attendus, \u00e0 la m\u00e9thodologie et au calendrier propos\u00e9.<\/p>\n<p style= \"text-align: justify;\">Une r\u00e9union r\u00e9gionale de lancement sera organis\u00e9e en d\u00e9cembre 2013 (date \u00e0 d\u00e9finir). <\/p>\n<p style= \"text-align: justify;\">A cette occasion la d\u00e9marche sera pr\u00e9sent\u00e9e et propos\u00e9e \u00e0 un large panel d\u2019acteurs avec en priorit\u00e9 les DRH et repr\u00e9sentants du personnel des \u00e9tablissements.<\/p>\n<p style= \"text-align: justify;\">Pour consulter l&rsquo;Analyse n\u00b030 INSEE PACA mai 2013,  <strong><a href=\" http:\/\/www.insee.fr\/fr\/insee_regions\/provence\/themes\/analyse\/ana30\/ana30.pdf \" title=\"Cliquer ici\" target=\"_blank\">Cliquer ici<\/a><\/strong><\/p>\n<p style= \"text-align: justify;\">Pour consulter l&rsquo;enqu\u00eate de l&rsquo;ANLCI (Agence de Lutte Contre l&rsquo;Illettrisme) PACA de mai 2013 sur l&rsquo;\u00e9volution de l&rsquo;illettrisme,  <strong><a href=\"http:\/\/www.google.fr\/url?sa=t&#038;rct=j&#038;q=plaquette%20anlci-mai%202013&#038;source=web&#038;cd=1&#038;ved=0CC8QFjAA&#038;url=http%3A%2F%2Fwww.paca.pref.gouv.fr%2Fcontent%2Fdownload%2F9834%2F45762%2Ffile%2FPlaquette%2520ANLCI-Mai%25202013.pdf&#038;ei=tIL-UdjJBcyb1AWBqYDoDQ&#038;usg=AFQjCNGMjWe26KV00M2g0WchesIul8sYVA&#038;bvm=bv.50165853,d.d2k\n \" title=\"Cliquer ici\" target=\"_blank\">Cliquer ici<\/a><\/strong><\/p>\n","protected":false},"excerpt":{"rendered":"<p>De nombreux fran\u00e7ais rencontrent des difficult\u00e9s pour lire, \u00e9crire et compter. Ces personnes ont b\u00e9n\u00e9fici\u00e9 de cet apprentissage mais n&rsquo;ont pas acquis ou alors en ont perdu la maitrise. L&rsquo;exp\u00e9rience montre que l&rsquo;adulte en situation d&rsquo;illettrisme a du mal \u00e0 garder son emploi, \u00e0 en obtenir un ou \u00e0 en retrouver: le ph\u00e9nom\u00e8ne de l&rsquo;illettrisme [&hellip;]<\/p>\n","protected":false},"author":1,"featured_media":0,"comment_status":"closed","ping_status":"open","sticky":false,"template":"","format":"standard","meta":{"footnotes":""},"categories":[8],"tags":[],"views":1975,"_links":{"self":[{"href":"http:\/\/www.cgt-hopital-manosque.fr\/index.php?rest_route=\/wp\/v2\/posts\/1488"}],"collection":[{"href":"http:\/\/www.cgt-hopital-manosque.fr\/index.php?rest_route=\/wp\/v2\/posts"}],"about":[{"href":"http:\/\/www.cgt-hopital-manosque.fr\/index.php?rest_route=\/wp\/v2\/types\/post"}],"author":[{"embeddable":true,"href":"http:\/\/www.cgt-hopital-manosque.fr\/index.php?rest_route=\/wp\/v2\/users\/1"}],"replies":[{"embeddable":true,"href":"http:\/\/www.cgt-hopital-manosque.fr\/index.php?rest_route=%2Fwp%2Fv2%2Fcomments&post=1488"}],"version-history":[{"count":4,"href":"http:\/\/www.cgt-hopital-manosque.fr\/index.php?rest_route=\/wp\/v2\/posts\/1488\/revisions"}],"predecessor-version":[{"id":3270,"href":"http:\/\/www.cgt-hopital-manosque.fr\/index.php?rest_route=\/wp\/v2\/posts\/1488\/revisions\/3270"}],"wp:attachment":[{"href":"http:\/\/www.cgt-hopital-manosque.fr\/index.php?rest_route=%2Fwp%2Fv2%2Fmedia&parent=1488"}],"wp:term":[{"taxonomy":"category","embeddable":true,"href":"http:\/\/www.cgt-hopital-manosque.fr\/index.php?rest_route=%2Fwp%2Fv2%2Fcategories&post=1488"},{"taxonomy":"post_tag","embeddable":true,"href":"http:\/\/www.cgt-hopital-manosque.fr\/index.php?rest_route=%2Fwp%2Fv2%2Ftags&post=1488"}],"curies":[{"name":"wp","href":"https:\/\/api.w.org\/{rel}","templated":true}]}}