{"id":1509,"date":"2013-08-15T07:11:39","date_gmt":"2013-08-15T07:11:39","guid":{"rendered":"http:\/\/www.cgt-hopital-manosque.fr\/?p=1509"},"modified":"2015-01-25T12:52:36","modified_gmt":"2015-01-25T12:52:36","slug":"15-aout-2013-un-personnel-debout-malgre-les-mauvais-coups","status":"publish","type":"post","link":"http:\/\/www.cgt-hopital-manosque.fr\/?p=1509","title":{"rendered":"15 ao\u00fbt 2013 &#8211; Un personnel debout&#8230;malgr\u00e9 les mauvais coups !"},"content":{"rendered":"<p><a href=\"http:\/\/www.cgt-hopital-manosque.fr\/wp-content\/uploads\/2013\/08\/200.-Un-personnel-debout...malgr\u00e9-les-mauvais-coups-OK-A-INSERER.jpg\"><img loading=\"lazy\" decoding=\"async\" src=\"http:\/\/www.cgt-hopital-manosque.fr\/wp-content\/uploads\/2013\/08\/200.-Un-personnel-debout...malgr\u00e9-les-mauvais-coups-OK-A-INSERER.jpg\" alt=\"\" width=\"589\" height=\"321\" class=\"aligncenter size-full wp-image-1510\" srcset=\"http:\/\/www.cgt-hopital-manosque.fr\/wp-content\/uploads\/2013\/08\/200.-Un-personnel-debout...malgr\u00e9-les-mauvais-coups-OK-A-INSERER.jpg 589w, http:\/\/www.cgt-hopital-manosque.fr\/wp-content\/uploads\/2013\/08\/200.-Un-personnel-debout...malgr\u00e9-les-mauvais-coups-OK-A-INSERER-300x163.jpg 300w\" sizes=\"(max-width: 589px) 100vw, 589px\" \/><\/a><\/p>\n<p style= \"text-align: justify;\">Sans concertation, et dans une logique nationale de r\u00e9duction de l&rsquo;offre sanitaire, de nombreuses tentatives de fermetures de services se multiplient.  Au c\u0153ur de l&rsquo;\u00e9t\u00e9, les Urgences sont au centre de toutes les menaces, comme \u00e0 l&rsquo;h\u00f4tel-Dieu de l&rsquo;Assistance Publique des H\u00f4pitaux de Paris, ou comme encore \u00e0 l&rsquo;h\u00f4pital de Wattrelos. Toujours le m\u00eame principe : une d\u00e9cision prise sans concertation annon\u00e7ant la fermeture des urgences de l\u2019h\u00f4pital de Wattrelos, et qui pourrait avoir \u00e0 terme une incidence sur l\u2019existence m\u00eame de l\u2019h\u00f4pital wattrelosien. <\/p>\n<p style= \"text-align: justify;\">Pourtant, malgr\u00e9 les attaques permanentes contre l\u2019h\u00f4pital public et malgr\u00e9 les conditions climatiques les personnels sont pr\u00e9sents et remplissent leurs missions le mieux qu\u2019ils peuvent. La prise en charge remarquable lors de la catastrophe ferroviaire de Br\u00e9tigny t\u00e9moigne de la qualit\u00e9 et de l\u2019utilit\u00e9 de notre service public hospitalier. Tous les bless\u00e9s ont \u00e9t\u00e9 orient\u00e9s vers les h\u00f4pitaux \u00e0 proximit\u00e9. Leur prise en charge a mis en lumi\u00e8re l\u2019extraordinaire mobilisation de toutes les \u00e9quipes de soins. <\/p>\n<p style= \"text-align: justify;\">Alors que de nombreux fran\u00e7ais sont en vacances, les soignants sont plus vigilants que jamais. En effet, l\u2019\u00e9t\u00e9, les urgences prennent le chaud. C\u2019est peut \u00eatre un pl\u00e9onasme de dire que les urgences sont encombr\u00e9es l\u2019\u00e9t\u00e9, mais il nous semble utile de le rappeler. Les malades arrivent par leurs propres moyens, par le SAMU ou les pompiers et passent par la cellule d\u2019accueil et d\u2019orientation. Ensuite, selon les crit\u00e8res et protocoles en vigueur, les infirmiers et m\u00e9decins orientent les patients dont le cas le n\u00e9cessite vers les services concern\u00e9s (m\u00e9decine, chirurgie \u2026). <\/p>\n<p style= \"text-align: justify;\">En mati\u00e8re d\u2019urgence, le droit \u00e0 l\u2019erreur n\u2019existe pas. Il n\u2019y a pas de place pour l\u2019\u00e0 peu pr\u00e8s. Il faut s\u2019adapter \u00e0 des situations diverses dans un d\u00e9lai tr\u00e8s court. Il faut \u00e9galement savoir se maitriser face aux diff\u00e9rentes situations (urgences vitales, agressivit\u00e9 et violence du patient\u2026) dans le but de maintenir ou r\u00e9tablir un climat de s\u00e9curit\u00e9. Nous sommes \u00e0 des ann\u00e9es lumi\u00e8re des logiques de rentabilit\u00e9 et de statistiques. En effet, malgr\u00e9 le m\u00e9pris des autorit\u00e9s, le personnel r\u00e9alise son m\u00e9tier de soins techniques mais aussi de soins relationnels qui demande une qualit\u00e9 essentielle : \u00eatre humain. <\/p>\n","protected":false},"excerpt":{"rendered":"<p>Sans concertation, et dans une logique nationale de r\u00e9duction de l&rsquo;offre sanitaire, de nombreuses tentatives de fermetures de services se multiplient. Au c\u0153ur de l&rsquo;\u00e9t\u00e9, les Urgences sont au centre de toutes les menaces, comme \u00e0 l&rsquo;h\u00f4tel-Dieu de l&rsquo;Assistance Publique des H\u00f4pitaux de Paris, ou comme encore \u00e0 l&rsquo;h\u00f4pital de Wattrelos. Toujours le m\u00eame principe [&hellip;]<\/p>\n","protected":false},"author":1,"featured_media":0,"comment_status":"closed","ping_status":"open","sticky":false,"template":"","format":"standard","meta":{"footnotes":""},"categories":[8],"tags":[],"views":2029,"_links":{"self":[{"href":"http:\/\/www.cgt-hopital-manosque.fr\/index.php?rest_route=\/wp\/v2\/posts\/1509"}],"collection":[{"href":"http:\/\/www.cgt-hopital-manosque.fr\/index.php?rest_route=\/wp\/v2\/posts"}],"about":[{"href":"http:\/\/www.cgt-hopital-manosque.fr\/index.php?rest_route=\/wp\/v2\/types\/post"}],"author":[{"embeddable":true,"href":"http:\/\/www.cgt-hopital-manosque.fr\/index.php?rest_route=\/wp\/v2\/users\/1"}],"replies":[{"embeddable":true,"href":"http:\/\/www.cgt-hopital-manosque.fr\/index.php?rest_route=%2Fwp%2Fv2%2Fcomments&post=1509"}],"version-history":[{"count":6,"href":"http:\/\/www.cgt-hopital-manosque.fr\/index.php?rest_route=\/wp\/v2\/posts\/1509\/revisions"}],"predecessor-version":[{"id":3268,"href":"http:\/\/www.cgt-hopital-manosque.fr\/index.php?rest_route=\/wp\/v2\/posts\/1509\/revisions\/3268"}],"wp:attachment":[{"href":"http:\/\/www.cgt-hopital-manosque.fr\/index.php?rest_route=%2Fwp%2Fv2%2Fmedia&parent=1509"}],"wp:term":[{"taxonomy":"category","embeddable":true,"href":"http:\/\/www.cgt-hopital-manosque.fr\/index.php?rest_route=%2Fwp%2Fv2%2Fcategories&post=1509"},{"taxonomy":"post_tag","embeddable":true,"href":"http:\/\/www.cgt-hopital-manosque.fr\/index.php?rest_route=%2Fwp%2Fv2%2Ftags&post=1509"}],"curies":[{"name":"wp","href":"https:\/\/api.w.org\/{rel}","templated":true}]}}