{"id":1513,"date":"2013-08-12T07:46:54","date_gmt":"2013-08-12T07:46:54","guid":{"rendered":"http:\/\/www.cgt-hopital-manosque.fr\/?p=1513"},"modified":"2015-02-01T17:56:10","modified_gmt":"2015-02-01T17:56:10","slug":"12-aout-2013-marseille-2013-yes-we-camp","status":"publish","type":"post","link":"http:\/\/www.cgt-hopital-manosque.fr\/?p=1513","title":{"rendered":"12 ao\u00fbt 2013 &#8211; Marseille 2013 : \u00ab Yes we camp \u00bb"},"content":{"rendered":"<p><a href=\"http:\/\/www.cgt-hopital-manosque.fr\/wp-content\/uploads\/2013\/08\/204.-Marseille-2013-Yes-we-camp-1-OK-A-INSERER.jpg\"><img loading=\"lazy\" decoding=\"async\" src=\"http:\/\/www.cgt-hopital-manosque.fr\/wp-content\/uploads\/2013\/08\/204.-Marseille-2013-Yes-we-camp-1-OK-A-INSERER.jpg\" alt=\"\" width=\"600\" height=\"400\" class=\"aligncenter size-full wp-image-1514\" srcset=\"http:\/\/www.cgt-hopital-manosque.fr\/wp-content\/uploads\/2013\/08\/204.-Marseille-2013-Yes-we-camp-1-OK-A-INSERER.jpg 600w, http:\/\/www.cgt-hopital-manosque.fr\/wp-content\/uploads\/2013\/08\/204.-Marseille-2013-Yes-we-camp-1-OK-A-INSERER-300x200.jpg 300w\" sizes=\"(max-width: 600px) 100vw, 600px\" \/><\/a><\/p>\n<p><a href=\"http:\/\/www.cgt-hopital-manosque.fr\/wp-content\/uploads\/2013\/08\/204.-Marseille-2013-Yes-we-camp-2-OK-A-INSERER.jpg\"><img loading=\"lazy\" decoding=\"async\" src=\"http:\/\/www.cgt-hopital-manosque.fr\/wp-content\/uploads\/2013\/08\/204.-Marseille-2013-Yes-we-camp-2-OK-A-INSERER.jpg\" alt=\"\" width=\"600\" height=\"400\" class=\"aligncenter size-full wp-image-1515\" srcset=\"http:\/\/www.cgt-hopital-manosque.fr\/wp-content\/uploads\/2013\/08\/204.-Marseille-2013-Yes-we-camp-2-OK-A-INSERER.jpg 600w, http:\/\/www.cgt-hopital-manosque.fr\/wp-content\/uploads\/2013\/08\/204.-Marseille-2013-Yes-we-camp-2-OK-A-INSERER-300x200.jpg 300w\" sizes=\"(max-width: 600px) 100vw, 600px\" \/><\/a><\/p>\n<p><a href=\"http:\/\/www.cgt-hopital-manosque.fr\/wp-content\/uploads\/2013\/08\/204.-Marseille-2013-Yes-we-camp-3-OK-A-INSERER.jpg\"><img loading=\"lazy\" decoding=\"async\" src=\"http:\/\/www.cgt-hopital-manosque.fr\/wp-content\/uploads\/2013\/08\/204.-Marseille-2013-Yes-we-camp-3-OK-A-INSERER.jpg\" alt=\"\" width=\"600\" height=\"400\" class=\"aligncenter size-full wp-image-1516\" srcset=\"http:\/\/www.cgt-hopital-manosque.fr\/wp-content\/uploads\/2013\/08\/204.-Marseille-2013-Yes-we-camp-3-OK-A-INSERER.jpg 600w, http:\/\/www.cgt-hopital-manosque.fr\/wp-content\/uploads\/2013\/08\/204.-Marseille-2013-Yes-we-camp-3-OK-A-INSERER-300x200.jpg 300w\" sizes=\"(max-width: 600px) 100vw, 600px\" \/><\/a><\/p>\n<p style= \"text-align: justify;\">Ev\u00e9nement participatif con\u00e7u \u00e0 l\u2019occasion de Marseille Provence 2013, \u00ab Yes We Camp \u00bb est un camping alternatif et exp\u00e9rimental, m\u00ealant \u00e9cologie et architectures performatives construit sur les quais de l\u2019Estaque, et ouvert \u00e0 tous de mai \u00e0 septembre 2013. Le projet propose une programmation culturelle r\u00e9guli\u00e8re, des ateliers participatifs, un espace de jeux, une buvette et un restaurant, de la cr\u00e9ation artistique, et des modules d\u2019h\u00e9bergement innovants. <\/p>\n<p style= \"text-align: justify;\"> \u00ab Yes, we camp \u00bb est un des \u00e9v\u00e9nements phares du Off de Marseille 2013, un regroupement d\u2019artistes locaux qui s\u2019estimaient mal repr\u00e9sent\u00e9s par la capitale europ\u00e9enne de la culture \u00ab officielle \u00bb. Depuis, l\u2019association MP2013 a vu l\u2019int\u00e9r\u00eat de collaborer avec le Off, et \u00ab Yes, we camp \u00bb offre une proposition suppl\u00e9mentaire d\u2019h\u00e9bergement, mais aussi un int\u00e9r\u00eat artistique. <\/p>\n<p style= \"text-align: justify;\">Ce camping compl\u00e8tement d\u00e9cal\u00e9 rappelle l\u2019ambiance conviviale des colonies de vacances, tout en \u00e9tant situ\u00e9 les pieds dans l\u2019eau. Il commence \u00e0 faire le buzz sur Internet et sur les r\u00e9seaux sociaux, ce qui attire de nombreux touristes fran\u00e7ais et \u00e9trangers. <\/p>\n<p style= \"text-align: justify;\"> <strong>Programmation : <\/strong><\/p>\n<p style= \"text-align: justify;\">Tous les jours, c\u2019est l\u2019\u00e9t\u00e9 au Camping : jeux, d\u00e9tente, bricolage, march\u00e9 local, fabrication d\u2019objets, spectacles et animations, activit\u00e9s de d\u00e9couverte\u2026 La vie quotidienne du Village YesWeCamp m\u00e9lange les voisins, les campeurs et les visiteurs. Un week-end par mois, c\u2019est la f\u00eate du Camping ! Sardinade, spectacles, bal, brunch et troc. Et attention mesdames et messieurs, certains jours, certains soirs, et m\u00eames certains week-ends, c\u2019est la Sp\u00e9ciale \u00ab Campe \u00e0 Marseille \u00bb ! <\/p>\n<p style= \"text-align: justify;\"> <strong>H\u00e9bergement : <\/strong> <\/p>\n<p style= \"text-align: justify;\">160 places en h\u00e9bergement \u00e0 partir de 7 euros. <\/p>\n<p style= \"text-align: justify;\">Du hamac \u00e0 la maison bulle en passant par les moissonneuses et caravanes customis\u00e9es, il  y en a pour tout le monde \u00e0 Yes We Camp ! <\/p>\n","protected":false},"excerpt":{"rendered":"<p>Ev\u00e9nement participatif con\u00e7u \u00e0 l\u2019occasion de Marseille Provence 2013, \u00ab Yes We Camp \u00bb est un camping alternatif et exp\u00e9rimental, m\u00ealant \u00e9cologie et architectures performatives construit sur les quais de l\u2019Estaque, et ouvert \u00e0 tous de mai \u00e0 septembre 2013. Le projet propose une programmation culturelle r\u00e9guli\u00e8re, des ateliers participatifs, un espace de jeux, une [&hellip;]<\/p>\n","protected":false},"author":1,"featured_media":0,"comment_status":"closed","ping_status":"open","sticky":false,"template":"","format":"standard","meta":{"footnotes":""},"categories":[1],"tags":[],"views":4930,"_links":{"self":[{"href":"http:\/\/www.cgt-hopital-manosque.fr\/index.php?rest_route=\/wp\/v2\/posts\/1513"}],"collection":[{"href":"http:\/\/www.cgt-hopital-manosque.fr\/index.php?rest_route=\/wp\/v2\/posts"}],"about":[{"href":"http:\/\/www.cgt-hopital-manosque.fr\/index.php?rest_route=\/wp\/v2\/types\/post"}],"author":[{"embeddable":true,"href":"http:\/\/www.cgt-hopital-manosque.fr\/index.php?rest_route=\/wp\/v2\/users\/1"}],"replies":[{"embeddable":true,"href":"http:\/\/www.cgt-hopital-manosque.fr\/index.php?rest_route=%2Fwp%2Fv2%2Fcomments&post=1513"}],"version-history":[{"count":4,"href":"http:\/\/www.cgt-hopital-manosque.fr\/index.php?rest_route=\/wp\/v2\/posts\/1513\/revisions"}],"predecessor-version":[{"id":1526,"href":"http:\/\/www.cgt-hopital-manosque.fr\/index.php?rest_route=\/wp\/v2\/posts\/1513\/revisions\/1526"}],"wp:attachment":[{"href":"http:\/\/www.cgt-hopital-manosque.fr\/index.php?rest_route=%2Fwp%2Fv2%2Fmedia&parent=1513"}],"wp:term":[{"taxonomy":"category","embeddable":true,"href":"http:\/\/www.cgt-hopital-manosque.fr\/index.php?rest_route=%2Fwp%2Fv2%2Fcategories&post=1513"},{"taxonomy":"post_tag","embeddable":true,"href":"http:\/\/www.cgt-hopital-manosque.fr\/index.php?rest_route=%2Fwp%2Fv2%2Ftags&post=1513"}],"curies":[{"name":"wp","href":"https:\/\/api.w.org\/{rel}","templated":true}]}}