{"id":1546,"date":"2013-08-21T18:38:19","date_gmt":"2013-08-21T18:38:19","guid":{"rendered":"http:\/\/www.cgt-hopital-manosque.fr\/?p=1546"},"modified":"2015-01-25T12:52:36","modified_gmt":"2015-01-25T12:52:36","slug":"22-aout-2013-suppression-du-timbre-a-35-euros-pour-aller-en-justice","status":"publish","type":"post","link":"http:\/\/www.cgt-hopital-manosque.fr\/?p=1546","title":{"rendered":"22 ao\u00fbt 2013 &#8211; Suppression du timbre \u00e0 35 euros pour aller en justice"},"content":{"rendered":"<p><a href=\"http:\/\/www.cgt-hopital-manosque.fr\/wp-content\/uploads\/2013\/08\/211.Suppression-du-timbre-\u00e0-35-euros-pour-aller-en-justice.jpg\"><img loading=\"lazy\" decoding=\"async\" src=\"http:\/\/www.cgt-hopital-manosque.fr\/wp-content\/uploads\/2013\/08\/211.Suppression-du-timbre-\u00e0-35-euros-pour-aller-en-justice.jpg\" alt=\"211.Suppression du timbre \u00e0 35 euros pour aller en justice\" width=\"536\" height=\"357\" class=\"aligncenter size-full wp-image-1547\" srcset=\"http:\/\/www.cgt-hopital-manosque.fr\/wp-content\/uploads\/2013\/08\/211.Suppression-du-timbre-\u00e0-35-euros-pour-aller-en-justice.jpg 536w, http:\/\/www.cgt-hopital-manosque.fr\/wp-content\/uploads\/2013\/08\/211.Suppression-du-timbre-\u00e0-35-euros-pour-aller-en-justice-300x199.jpg 300w\" sizes=\"(max-width: 536px) 100vw, 536px\" \/><\/a><\/p>\n<p style= \"text-align: justify;\">L\u2019instauration d\u2019un timbre fiscal de 35 \u20ac, d\u00e9cid\u00e9e par le Gouvernement en 2011 et applicable depuis octobre 2011, pour toutes instances introduites devant les juridictions civiles, sociales, administratives et prud\u2019homales, remet en cause l\u2019acc\u00e8s au juge pour des milliers de salari\u00e9s. <\/p>\n<p style= \"text-align: justify;\">Comme nous l\u2019avions pr\u00e9vu, cette taxe a entra\u00een\u00e9 une baisse cons\u00e9quente des contentieux judiciaires, nombreux justiciables ayant renonc\u00e9 \u00e0 leur droit. <\/p>\n<p style= \"text-align: justify;\">12 organisations, \u00e0 l\u2019initiative de la CGT se sont prononc\u00e9es contre cette taxe. Apr\u00e8s des mois de lutte nous avons enfin \u00e9t\u00e9 entendus. <\/p>\n<p style= \"text-align: justify;\">Christiane Taubira, Garde des sceaux, Ministre de la Justice, a annonc\u00e9, le 23 juillet 2013, la suppression, dans le projet de loi de finances pour 2014, de cette taxe. <\/p>\n<p style= \"text-align: justify;\">Nous nous f\u00e9licitons de cette d\u00e9cision obtenue gr\u00e2ce aux multiples manifestations dont une p\u00e9tition nationale. <\/p>\n","protected":false},"excerpt":{"rendered":"<p>L\u2019instauration d\u2019un timbre fiscal de 35 \u20ac, d\u00e9cid\u00e9e par le Gouvernement en 2011 et applicable depuis octobre 2011, pour toutes instances introduites devant les juridictions civiles, sociales, administratives et prud\u2019homales, remet en cause l\u2019acc\u00e8s au juge pour des milliers de salari\u00e9s. Comme nous l\u2019avions pr\u00e9vu, cette taxe a entra\u00een\u00e9 une baisse cons\u00e9quente des contentieux judiciaires, [&hellip;]<\/p>\n","protected":false},"author":1,"featured_media":0,"comment_status":"closed","ping_status":"open","sticky":false,"template":"","format":"standard","meta":{"footnotes":""},"categories":[5],"tags":[],"views":2356,"_links":{"self":[{"href":"http:\/\/www.cgt-hopital-manosque.fr\/index.php?rest_route=\/wp\/v2\/posts\/1546"}],"collection":[{"href":"http:\/\/www.cgt-hopital-manosque.fr\/index.php?rest_route=\/wp\/v2\/posts"}],"about":[{"href":"http:\/\/www.cgt-hopital-manosque.fr\/index.php?rest_route=\/wp\/v2\/types\/post"}],"author":[{"embeddable":true,"href":"http:\/\/www.cgt-hopital-manosque.fr\/index.php?rest_route=\/wp\/v2\/users\/1"}],"replies":[{"embeddable":true,"href":"http:\/\/www.cgt-hopital-manosque.fr\/index.php?rest_route=%2Fwp%2Fv2%2Fcomments&post=1546"}],"version-history":[{"count":2,"href":"http:\/\/www.cgt-hopital-manosque.fr\/index.php?rest_route=\/wp\/v2\/posts\/1546\/revisions"}],"predecessor-version":[{"id":3266,"href":"http:\/\/www.cgt-hopital-manosque.fr\/index.php?rest_route=\/wp\/v2\/posts\/1546\/revisions\/3266"}],"wp:attachment":[{"href":"http:\/\/www.cgt-hopital-manosque.fr\/index.php?rest_route=%2Fwp%2Fv2%2Fmedia&parent=1546"}],"wp:term":[{"taxonomy":"category","embeddable":true,"href":"http:\/\/www.cgt-hopital-manosque.fr\/index.php?rest_route=%2Fwp%2Fv2%2Fcategories&post=1546"},{"taxonomy":"post_tag","embeddable":true,"href":"http:\/\/www.cgt-hopital-manosque.fr\/index.php?rest_route=%2Fwp%2Fv2%2Ftags&post=1546"}],"curies":[{"name":"wp","href":"https:\/\/api.w.org\/{rel}","templated":true}]}}