{"id":1553,"date":"2013-08-25T18:26:46","date_gmt":"2013-08-25T18:26:46","guid":{"rendered":"http:\/\/www.cgt-hopital-manosque.fr\/?p=1553"},"modified":"2015-02-01T17:56:10","modified_gmt":"2015-02-01T17:56:10","slug":"26-aout-2013-corps-des-cadres-de-sante-paramedicaux-2-decrets-et-1-arrete-du-14-aout-2013","status":"publish","type":"post","link":"http:\/\/www.cgt-hopital-manosque.fr\/?p=1553","title":{"rendered":"26 ao\u00fbt 2013 &#8211; Corps des cadres de sant\u00e9 param\u00e9dicaux : 2 d\u00e9crets  et 1 arr\u00eat\u00e9 du 14 ao\u00fbt 2013"},"content":{"rendered":"<p style= \"text-align: justify;\">Ont \u00e9t\u00e9 publi\u00e9es au journal officiel du 17 ao\u00fbt 2013 les textes suivants relatifs au corps des cadres de sant\u00e9 param\u00e9dicaux : <\/p>\n<p style= \"text-align: justify;\">&#8211; D\u00e9cret n\u00b0 2013-743 du 14 ao\u00fbt 2013 portant modification de divers d\u00e9crets relatifs \u00e0 la nouvelle bonification indiciaire per\u00e7ue par les cadres de sant\u00e9 de la fonction publique hospitali\u00e8re, <\/p>\n<p style= \"text-align: justify;\">&#8211; D\u00e9cret n\u00b0 2013-744 du 14 ao\u00fbt 2013 portant modification de divers d\u00e9crets relatifs \u00e0 certaines primes et indemnit\u00e9s per\u00e7ues par les cadres de sant\u00e9 de la fonction publique hospitali\u00e8re, <\/p>\n<p style= \"text-align: justify;\">&#8211; Arr\u00eat\u00e9 du 14 ao\u00fbt 2013 modifiant l\u2019arr\u00eat\u00e9 du 2 janvier 1992 fixant le montant de la prime d\u2019encadrement attribu\u00e9e \u00e0 certains agents de la fonction publique hospitali\u00e8re. <\/p>\n<p style= \"text-align: justify;\">Le d\u00e9cret n\u00b0 2013-743 proc\u00e8de \u00e0 la mise \u00e0 jour de plusieurs textes relatifs \u00e0 la NBI. Ainsi, les personnels class\u00e9s dans le nouveau corps des cadres de sant\u00e9 param\u00e9dicaux b\u00e9n\u00e9ficient du versement de la NBI selon les m\u00eames modalit\u00e9s que les personnels relevant du corps des cadres de sant\u00e9. <\/p>\n<p>Pour consulter ce texte,  <strong><a href=\"http:\/\/www.fhf.fr\/content\/download\/75251\/488927\/version\/1\/file\/TEXTE+7+JO+DU+17+08+2013.pdf\" title=\"Cliquer ici\" target=\"_blank\">Cliquer ici<\/a><\/strong><\/p>\n<p style= \"text-align: justify;\">Le d\u00e9cret n\u00b0 2013-744 actualise le d\u00e9cret relatif \u00e0 l\u2019attribution de la prime sp\u00e9cifique mensuelle et celui concernant la prime d\u2019encadrement.<br \/>\nLes personnels relevant du nouveau corps des cadres de sant\u00e9 param\u00e9dicaux b\u00e9n\u00e9ficient donc du versement de ces primes, selon les m\u00eames modalit\u00e9s que les personnels relevant du corps des cadres de sant\u00e9. <\/p>\n<p>Pour consulter ce texte,  <strong><a href=\"http:\/\/www.fhf.fr\/content\/download\/75252\/488930\/version\/1\/file\/TEXTE+8+JO+DU+17+08+2013.pdf\" title=\"Cliquer ici\" target=\"_blank\">Cliquer ici<\/a><\/strong><\/p>\n<p style= \"text-align: justify;\">L\u2019arr\u00eat\u00e9 du 14 ao\u00fbt 2013 int\u00e8gre \u00e0 la liste des b\u00e9n\u00e9ficiaires de la prime d\u2019encadrement les personnels relevant du corps des cadres de sant\u00e9 param\u00e9dicaux. <\/p>\n<p>Pour consulter ce texte,  <strong><a href=\"http:\/\/www.fhf.fr\/content\/download\/75253\/488933\/version\/1\/file\/TEXTE+11+JO+DU+17+08+2013.pdf\" title=\"Cliquer ici\" target=\"_blank\">Cliquer ici<\/a><\/strong><\/p>\n","protected":false},"excerpt":{"rendered":"<p>Ont \u00e9t\u00e9 publi\u00e9es au journal officiel du 17 ao\u00fbt 2013 les textes suivants relatifs au corps des cadres de sant\u00e9 param\u00e9dicaux : &#8211; D\u00e9cret n\u00b0 2013-743 du 14 ao\u00fbt 2013 portant modification de divers d\u00e9crets relatifs \u00e0 la nouvelle bonification indiciaire per\u00e7ue par les cadres de sant\u00e9 de la fonction publique hospitali\u00e8re, &#8211; D\u00e9cret n\u00b0 [&hellip;]<\/p>\n","protected":false},"author":1,"featured_media":0,"comment_status":"closed","ping_status":"open","sticky":false,"template":"","format":"standard","meta":{"footnotes":""},"categories":[5],"tags":[],"views":2277,"_links":{"self":[{"href":"http:\/\/www.cgt-hopital-manosque.fr\/index.php?rest_route=\/wp\/v2\/posts\/1553"}],"collection":[{"href":"http:\/\/www.cgt-hopital-manosque.fr\/index.php?rest_route=\/wp\/v2\/posts"}],"about":[{"href":"http:\/\/www.cgt-hopital-manosque.fr\/index.php?rest_route=\/wp\/v2\/types\/post"}],"author":[{"embeddable":true,"href":"http:\/\/www.cgt-hopital-manosque.fr\/index.php?rest_route=\/wp\/v2\/users\/1"}],"replies":[{"embeddable":true,"href":"http:\/\/www.cgt-hopital-manosque.fr\/index.php?rest_route=%2Fwp%2Fv2%2Fcomments&post=1553"}],"version-history":[{"count":4,"href":"http:\/\/www.cgt-hopital-manosque.fr\/index.php?rest_route=\/wp\/v2\/posts\/1553\/revisions"}],"predecessor-version":[{"id":1557,"href":"http:\/\/www.cgt-hopital-manosque.fr\/index.php?rest_route=\/wp\/v2\/posts\/1553\/revisions\/1557"}],"wp:attachment":[{"href":"http:\/\/www.cgt-hopital-manosque.fr\/index.php?rest_route=%2Fwp%2Fv2%2Fmedia&parent=1553"}],"wp:term":[{"taxonomy":"category","embeddable":true,"href":"http:\/\/www.cgt-hopital-manosque.fr\/index.php?rest_route=%2Fwp%2Fv2%2Fcategories&post=1553"},{"taxonomy":"post_tag","embeddable":true,"href":"http:\/\/www.cgt-hopital-manosque.fr\/index.php?rest_route=%2Fwp%2Fv2%2Ftags&post=1553"}],"curies":[{"name":"wp","href":"https:\/\/api.w.org\/{rel}","templated":true}]}}