{"id":1558,"date":"2013-08-26T18:47:13","date_gmt":"2013-08-26T18:47:13","guid":{"rendered":"http:\/\/www.cgt-hopital-manosque.fr\/?p=1558"},"modified":"2015-02-01T18:33:22","modified_gmt":"2015-02-01T18:33:22","slug":"27-aout-2013-les-congres-de-lufas-et-de-lufsp-auront-lieu-du-8-au-11-octobre-a-balaruc","status":"publish","type":"post","link":"http:\/\/www.cgt-hopital-manosque.fr\/?p=1558","title":{"rendered":"27 ao\u00fbt 2013 &#8211; Les congr\u00e8s de l&rsquo;UFAS et de l&rsquo;UFSP auront lieu du 8 au 11 octobre \u00e0 Balaruc"},"content":{"rendered":"<p style= \"text-align: justify;\">Les congr\u00e8s simultan\u00e9s de l&rsquo;UFAS (Union F\u00e9d\u00e9rale de l&rsquo;Action Sociale) et de l&rsquo;UFSP (Union F\u00e9d\u00e9rale de la Sant\u00e9 Priv\u00e9e) auront lieu \u00e0 Balaruc du 8 au 11 octobre 2013. <\/p>\n<p style= \"text-align: justify;\">L\u2019Union F\u00e9d\u00e9rale de l\u2019Action Sociale est une composante de la F\u00e9d\u00e9ration Sant\u00e9 et Action Sociale, au m\u00eame titre que l&rsquo;Union F\u00e9d\u00e9rale de la Sant\u00e9 Priv\u00e9e. Elles sont r\u00e9gies selon les principes de la CGT. <\/p>\n<p style= \"text-align: justify;\"> <strong>L\u2019Union F\u00e9d\u00e9rale de l\u2019Action Sociale : <\/strong>\n<\/p>\n<p style= \"text-align: justify;\">impulse et coordonne l\u2019activit\u00e9 des syndicats et des sections de l\u2019Action Sociale et M\u00e9dico-Sociale ; contribue au d\u00e9veloppement de la syndicalisation parmi les syndicats et les sections syndicales du champ d\u2019activit\u00e9 de l\u2019action sociale et m\u00e9dico-sociale des secteurs publics et priv\u00e9s ; Assure la d\u00e9fense des int\u00e9r\u00eats professionnels, \u00e9conomiques et sociaux des personnels ; favorise la coordination entre les diff\u00e9rentes organisations qui regroupent dans la CGT les personnels de l\u2019action sociale et m\u00e9dico-sociale pour une d\u00e9marche revendicative commune. <\/p>\n<p style= \"text-align: justify;\"> <strong>L\u2019Union F\u00e9d\u00e9rale de la Sant\u00e9 Priv\u00e9e est l\u2019organisation : <\/strong>\n<\/p>\n<p style= \"text-align: justify;\">Qui impulse et coordonne l\u2019activit\u00e9 des syndicats et de la Sant\u00e9 Priv\u00e9e pour la d\u00e9fense des int\u00e9r\u00eats professionnels, mat\u00e9riels et moraux de ces derniers,<br \/>\nQui a pour but de permettre \u00e0 la F\u00e9d\u00e9ration de d\u00e9velopper son activit\u00e9 parmi les syndicats du secteur priv\u00e9 (lucratif et non lucratif),<br \/>\nQui favorise la coop\u00e9ration entre les diff\u00e9rentes organisations regroupant dans la CGT les personnels de la Sant\u00e9 Priv\u00e9e pour une d\u00e9marche revendicative commune dans l\u2019int\u00e9r\u00eat des personnels concern\u00e9s. <\/p>\n","protected":false},"excerpt":{"rendered":"<p>Les congr\u00e8s simultan\u00e9s de l&rsquo;UFAS (Union F\u00e9d\u00e9rale de l&rsquo;Action Sociale) et de l&rsquo;UFSP (Union F\u00e9d\u00e9rale de la Sant\u00e9 Priv\u00e9e) auront lieu \u00e0 Balaruc du 8 au 11 octobre 2013. L\u2019Union F\u00e9d\u00e9rale de l\u2019Action Sociale est une composante de la F\u00e9d\u00e9ration Sant\u00e9 et Action Sociale, au m\u00eame titre que l&rsquo;Union F\u00e9d\u00e9rale de la Sant\u00e9 Priv\u00e9e. Elles [&hellip;]<\/p>\n","protected":false},"author":1,"featured_media":0,"comment_status":"closed","ping_status":"open","sticky":false,"template":"","format":"standard","meta":{"footnotes":""},"categories":[7],"tags":[],"views":1750,"_links":{"self":[{"href":"http:\/\/www.cgt-hopital-manosque.fr\/index.php?rest_route=\/wp\/v2\/posts\/1558"}],"collection":[{"href":"http:\/\/www.cgt-hopital-manosque.fr\/index.php?rest_route=\/wp\/v2\/posts"}],"about":[{"href":"http:\/\/www.cgt-hopital-manosque.fr\/index.php?rest_route=\/wp\/v2\/types\/post"}],"author":[{"embeddable":true,"href":"http:\/\/www.cgt-hopital-manosque.fr\/index.php?rest_route=\/wp\/v2\/users\/1"}],"replies":[{"embeddable":true,"href":"http:\/\/www.cgt-hopital-manosque.fr\/index.php?rest_route=%2Fwp%2Fv2%2Fcomments&post=1558"}],"version-history":[{"count":5,"href":"http:\/\/www.cgt-hopital-manosque.fr\/index.php?rest_route=\/wp\/v2\/posts\/1558\/revisions"}],"predecessor-version":[{"id":3265,"href":"http:\/\/www.cgt-hopital-manosque.fr\/index.php?rest_route=\/wp\/v2\/posts\/1558\/revisions\/3265"}],"wp:attachment":[{"href":"http:\/\/www.cgt-hopital-manosque.fr\/index.php?rest_route=%2Fwp%2Fv2%2Fmedia&parent=1558"}],"wp:term":[{"taxonomy":"category","embeddable":true,"href":"http:\/\/www.cgt-hopital-manosque.fr\/index.php?rest_route=%2Fwp%2Fv2%2Fcategories&post=1558"},{"taxonomy":"post_tag","embeddable":true,"href":"http:\/\/www.cgt-hopital-manosque.fr\/index.php?rest_route=%2Fwp%2Fv2%2Ftags&post=1558"}],"curies":[{"name":"wp","href":"https:\/\/api.w.org\/{rel}","templated":true}]}}