{"id":1563,"date":"2013-08-31T06:44:07","date_gmt":"2013-08-31T06:44:07","guid":{"rendered":"http:\/\/www.cgt-hopital-manosque.fr\/?p=1563"},"modified":"2015-01-25T12:52:35","modified_gmt":"2015-01-25T12:52:35","slug":"31-aout-2013-violences-et-manque-de-securite-a-lhopital-il-est-urgent-danalyser-les-raisons","status":"publish","type":"post","link":"http:\/\/www.cgt-hopital-manosque.fr\/?p=1563","title":{"rendered":"31 ao\u00fbt 2013 &#8211; Violences et manque de s\u00e9curit\u00e9 \u00e0 l&rsquo;h\u00f4pital : il est urgent d&rsquo;analyser les raisons"},"content":{"rendered":"<p><a href=\"http:\/\/www.cgt-hopital-manosque.fr\/wp-content\/uploads\/2013\/08\/218.-Violences-et-manque-de-s\u00e9curit\u00e9-\u00e0-lh\u00f4pital-OK-A-INSERER.png\"><img loading=\"lazy\" decoding=\"async\" src=\"http:\/\/www.cgt-hopital-manosque.fr\/wp-content\/uploads\/2013\/08\/218.-Violences-et-manque-de-s\u00e9curit\u00e9-\u00e0-lh\u00f4pital-OK-A-INSERER.png\" alt=\"\" width=\"341\" height=\"148\" class=\"aligncenter size-full wp-image-1565\" srcset=\"http:\/\/www.cgt-hopital-manosque.fr\/wp-content\/uploads\/2013\/08\/218.-Violences-et-manque-de-s\u00e9curit\u00e9-\u00e0-lh\u00f4pital-OK-A-INSERER.png 341w, http:\/\/www.cgt-hopital-manosque.fr\/wp-content\/uploads\/2013\/08\/218.-Violences-et-manque-de-s\u00e9curit\u00e9-\u00e0-lh\u00f4pital-OK-A-INSERER-300x130.png 300w\" sizes=\"(max-width: 341px) 100vw, 341px\" \/><\/a><\/p>\n<p style= \"text-align: justify;\">Les projecteurs sont braqu\u00e9s sur l\u2019H\u00f4pital de la Conception \u00e0 Marseille suite \u00e0 l\u2019agression d\u2019un infirmier des urgences, le 16 aout 2013.<br \/>\nIl ne s\u2019agit pas d\u2019un acte de violence isol\u00e9. Ces agressions se multiplient dans les \u00e9tablissements de soins. <\/p>\n<p style= \"text-align: justify;\">De 2007 \u00e0 2011, elles ont augment\u00e9 de 84% dans les H\u00f4pitaux. Le personnel ne se sent plus en s\u00e9curit\u00e9, de nuit comme de jour. Les agressions physiques et verbales sont quotidiennes. Le manque de personnel est criant, les conditions de travail ne cessent de se d\u00e9grader, et le changement est toujours attendu. <\/p>\n<p style= \"text-align: justify;\">La d\u00e9sertification m\u00e9dicale et la fermeture de services publics de proximit\u00e9, la R\u00e9vision G\u00e9n\u00e9rale des Politiques Publiques, mais aussi la crise, le ch\u00f4mage, la perte de rep\u00e8res d\u2019\u00e9ducation, la drogue, les ventes d\u2019armes incontr\u00f4l\u00e9es ne sont certainement pas \u00e9trang\u00e8res \u00e0 toute cette violence civile comme hospitali\u00e8re. <\/p>\n<p style= \"text-align: justify;\">L\u2019h\u00f4pital n\u2019est que le reflet de la soci\u00e9t\u00e9 dans laquelle nous vivons. <\/p>\n<p style= \"text-align: justify;\">La F\u00e9d\u00e9ration CGT Sant\u00e9 et Action Sociale demande \u00e0 nos gouvernants d\u2019analyser objectivement les raisons de ces violences et de mettre en oeuvre tous les moyens n\u00e9cessaires afin que les agents hospitaliers puissent assurer leur mission en toute s\u00e9curit\u00e9. <\/p>\n<p style= \"text-align: justify;\">Elle demande \u00e9galement que tout soit fait apr\u00e8s une agression pour que les personnels puissent cesser imm\u00e9diatement le travail, qu\u2019une cellule d\u2019\u00e9coute soit mise en place afin qu\u2019ils soient entendus et soulag\u00e9s, qu\u2019une d\u00e9claration d\u2019accident de travail soit bien enregistr\u00e9e pour tous les personnels concern\u00e9s, qu\u2019une proc\u00e9dure sp\u00e9ciale de d\u00e9p\u00f4t de plainte soit mise en oeuvre, afin que les agents soient prot\u00e9g\u00e9s&#8230; <\/p>\n<p style= \"text-align: justify;\">Si le besoin de s\u00e9curisation des locaux et des personnes existe, nous avons r\u00e9ellement besoin d\u2019agents form\u00e9s, en nombre suffisant, avec des renforts de personnel psychiatrique, de m\u00e9diateurs, d\u2019\u00e9ducateurs, et pour cela nous avons besoin de moyens budg\u00e9taires suppl\u00e9mentaires. <\/p>\n<p style= \"text-align: justify;\">En effet, la violence peut aussi \u00eatre g\u00e9n\u00e9r\u00e9e par l\u2019institution quand on ne donne pas \u00e0 l\u2019H\u00f4pital les moyens d\u2019apporter aux usagers des r\u00e9ponses rapides et de qualit\u00e9. <\/p>\n<p style= \"text-align: justify;\">Communiqu\u00e9 : F\u00e9d\u00e9ration CGT de la sant\u00e9 et de l&rsquo;action sociale <\/p>\n","protected":false},"excerpt":{"rendered":"<p>Les projecteurs sont braqu\u00e9s sur l\u2019H\u00f4pital de la Conception \u00e0 Marseille suite \u00e0 l\u2019agression d\u2019un infirmier des urgences, le 16 aout 2013. Il ne s\u2019agit pas d\u2019un acte de violence isol\u00e9. Ces agressions se multiplient dans les \u00e9tablissements de soins. De 2007 \u00e0 2011, elles ont augment\u00e9 de 84% dans les H\u00f4pitaux. Le personnel ne [&hellip;]<\/p>\n","protected":false},"author":1,"featured_media":0,"comment_status":"closed","ping_status":"open","sticky":false,"template":"","format":"standard","meta":{"footnotes":""},"categories":[7],"tags":[],"views":2129,"_links":{"self":[{"href":"http:\/\/www.cgt-hopital-manosque.fr\/index.php?rest_route=\/wp\/v2\/posts\/1563"}],"collection":[{"href":"http:\/\/www.cgt-hopital-manosque.fr\/index.php?rest_route=\/wp\/v2\/posts"}],"about":[{"href":"http:\/\/www.cgt-hopital-manosque.fr\/index.php?rest_route=\/wp\/v2\/types\/post"}],"author":[{"embeddable":true,"href":"http:\/\/www.cgt-hopital-manosque.fr\/index.php?rest_route=\/wp\/v2\/users\/1"}],"replies":[{"embeddable":true,"href":"http:\/\/www.cgt-hopital-manosque.fr\/index.php?rest_route=%2Fwp%2Fv2%2Fcomments&post=1563"}],"version-history":[{"count":6,"href":"http:\/\/www.cgt-hopital-manosque.fr\/index.php?rest_route=\/wp\/v2\/posts\/1563\/revisions"}],"predecessor-version":[{"id":1585,"href":"http:\/\/www.cgt-hopital-manosque.fr\/index.php?rest_route=\/wp\/v2\/posts\/1563\/revisions\/1585"}],"wp:attachment":[{"href":"http:\/\/www.cgt-hopital-manosque.fr\/index.php?rest_route=%2Fwp%2Fv2%2Fmedia&parent=1563"}],"wp:term":[{"taxonomy":"category","embeddable":true,"href":"http:\/\/www.cgt-hopital-manosque.fr\/index.php?rest_route=%2Fwp%2Fv2%2Fcategories&post=1563"},{"taxonomy":"post_tag","embeddable":true,"href":"http:\/\/www.cgt-hopital-manosque.fr\/index.php?rest_route=%2Fwp%2Fv2%2Ftags&post=1563"}],"curies":[{"name":"wp","href":"https:\/\/api.w.org\/{rel}","templated":true}]}}