{"id":1568,"date":"2013-08-30T08:24:59","date_gmt":"2013-08-30T08:24:59","guid":{"rendered":"http:\/\/www.cgt-hopital-manosque.fr\/?p=1568"},"modified":"2015-01-25T12:52:35","modified_gmt":"2015-01-25T12:52:35","slug":"28-aout-2013-i-have-a-dream","status":"publish","type":"post","link":"http:\/\/www.cgt-hopital-manosque.fr\/?p=1568","title":{"rendered":"28 ao\u00fbt 2013 &#8211; \u00ab\u00a0I have a dream&#8230;\u00a0\u00bb"},"content":{"rendered":"<p style= \"text-align: justify;\">Il y a cinquante ans, le 28 ao\u00fbt 1963, le pasteur Martin Luther King faisait un r\u00eave : celui de l\u2019\u00e9galit\u00e9 entre TOUS. <\/p>\n<p style= \"text-align: justify;\">Nous tenons ces v\u00e9rit\u00e9s pour \u00e9videntes en elles-m\u00eames : que tous les hommes sont cr\u00e9\u00e9s \u00e9gaux ; que leur Cr\u00e9ateur les a dot\u00e9s de certains droits inali\u00e9nables, parmi lesquels la vie, la libert\u00e9 et la recherche du bonheur\u00a0\u00bb, d\u00e9clarent unanimement les treize Etats fondateurs des Etats-Unis d&rsquo;Am\u00e9rique, le 4 juillet 1776, en proclamant leur ind\u00e9pendance.<br \/>\nCet article de foi est encore un r\u00eave lorsque, en ao\u00fbt 1963, soit pr\u00e8s de deux si\u00e8cles plus tard, Martin Luther King cherche \u00e0 r\u00e9veiller la foule assembl\u00e9e \u00e0 Washington en scandant son c\u00e9l\u00e8bre \u00ab\u00a0I have a dream\u2026 J&rsquo;ai fait un r\u00eave\u00a0\u00bb). <\/p>\n<p style= \"text-align: justify;\">Nous sommes le 28 ao\u00fbt 2013, et le syndicat CGT fait lui aussi un r\u00eave :<br \/>\nQue le mal \u00eatre au travail, les pleurs, l&rsquo;angoisse, les menaces, les pressions, les humiliations, les rapports, les entretiens disciplinaires, les maladies, le burn-out, les d\u00e9pressions disparaissent dans les \u00e9tablissements de sant\u00e9.<br \/>\nQue le quotidien des personnels s&rsquo;am\u00e9liore consid\u00e9rablement ! <\/p>\n<p style= \"text-align: justify;\">Nous r\u00eavons de respect, de reconnaissance du travail et de l\u2019engagement professionnel. <\/p>\n<p style= \"text-align: justify;\">Nous r\u00eavons de l\u2019harmonisation de la vie priv\u00e9e et professionnelle. <\/p>\n<p style= \"text-align: justify;\">Nous r\u00eavons du respect d\u2019une organisation du travail \u00e9panouissante. <\/p>\n<p style= \"text-align: justify;\">Nous r\u00eavons d\u2019un nombre de salari\u00e9s suffisants pour \u00e9viter les rappels inopin\u00e9s pour combler les absences. <\/p>\n<p style= \"text-align: justify;\">Nous r\u00eavons de changements de service choisis. <\/p>\n<p style= \"text-align: justify;\">Nous r\u00eavons au respect des droits des agents :<br \/>\n* respect des jours enfant malades (soit 12, soit 6, sur pr\u00e9sentation d\u2019un certificat m\u00e9dical) sans appr\u00e9ciation de la hi\u00e9rarchie.<br \/>\n* respect des demandes de formation.<br \/>\n* respect des demandes de temps partiel.<br \/>\n* respect de l&rsquo;affichage de tous les postes vacants,<br \/>\n* respect de l\u2019anciennet\u00e9.<br \/>\n*respect de l\u2019attribution du \u00bc de point pendant le cong\u00e9 maternit\u00e9<br \/>\n*respect de la r\u00e8glementation de la m\u00e9decine du travail<\/p>\n<p style= \"text-align: justify;\">En r\u00e9sum\u00e9 : le respect des valeurs humaines. <\/p>\n<p style= \"text-align: justify;\">Si nous en r\u00eavons, c\u2019est que la r\u00e9alit\u00e9 est tout autre.<br \/>\nEt ce r\u00eave, chaque jour les \u00e9lus et militants CGT donnent le meilleur d&rsquo;eux-m\u00eames pour participer \u00e0 sa r\u00e9alisation. <\/p>\n","protected":false},"excerpt":{"rendered":"<p>Il y a cinquante ans, le 28 ao\u00fbt 1963, le pasteur Martin Luther King faisait un r\u00eave : celui de l\u2019\u00e9galit\u00e9 entre TOUS. Nous tenons ces v\u00e9rit\u00e9s pour \u00e9videntes en elles-m\u00eames : que tous les hommes sont cr\u00e9\u00e9s \u00e9gaux ; que leur Cr\u00e9ateur les a dot\u00e9s de certains droits inali\u00e9nables, parmi lesquels la vie, la [&hellip;]<\/p>\n","protected":false},"author":1,"featured_media":0,"comment_status":"closed","ping_status":"open","sticky":false,"template":"","format":"standard","meta":{"footnotes":""},"categories":[7],"tags":[],"views":2065,"_links":{"self":[{"href":"http:\/\/www.cgt-hopital-manosque.fr\/index.php?rest_route=\/wp\/v2\/posts\/1568"}],"collection":[{"href":"http:\/\/www.cgt-hopital-manosque.fr\/index.php?rest_route=\/wp\/v2\/posts"}],"about":[{"href":"http:\/\/www.cgt-hopital-manosque.fr\/index.php?rest_route=\/wp\/v2\/types\/post"}],"author":[{"embeddable":true,"href":"http:\/\/www.cgt-hopital-manosque.fr\/index.php?rest_route=\/wp\/v2\/users\/1"}],"replies":[{"embeddable":true,"href":"http:\/\/www.cgt-hopital-manosque.fr\/index.php?rest_route=%2Fwp%2Fv2%2Fcomments&post=1568"}],"version-history":[{"count":5,"href":"http:\/\/www.cgt-hopital-manosque.fr\/index.php?rest_route=\/wp\/v2\/posts\/1568\/revisions"}],"predecessor-version":[{"id":3264,"href":"http:\/\/www.cgt-hopital-manosque.fr\/index.php?rest_route=\/wp\/v2\/posts\/1568\/revisions\/3264"}],"wp:attachment":[{"href":"http:\/\/www.cgt-hopital-manosque.fr\/index.php?rest_route=%2Fwp%2Fv2%2Fmedia&parent=1568"}],"wp:term":[{"taxonomy":"category","embeddable":true,"href":"http:\/\/www.cgt-hopital-manosque.fr\/index.php?rest_route=%2Fwp%2Fv2%2Fcategories&post=1568"},{"taxonomy":"post_tag","embeddable":true,"href":"http:\/\/www.cgt-hopital-manosque.fr\/index.php?rest_route=%2Fwp%2Fv2%2Ftags&post=1568"}],"curies":[{"name":"wp","href":"https:\/\/api.w.org\/{rel}","templated":true}]}}