{"id":1573,"date":"2013-09-01T17:40:50","date_gmt":"2013-09-01T17:40:50","guid":{"rendered":"http:\/\/www.cgt-hopital-manosque.fr\/?p=1573"},"modified":"2015-01-25T12:52:35","modified_gmt":"2015-01-25T12:52:35","slug":"2-septembre-2013-grand-prix-anfh-2013-epsoms-georges-couthon-a-amiens-pour-son-action-reconnaissance-des-competences","status":"publish","type":"post","link":"http:\/\/www.cgt-hopital-manosque.fr\/?p=1573","title":{"rendered":"2 septembre 2013 &#8211; Grand Prix ANFH 2013 &#8211; EPSOMS Georges-Couthon, \u00e0 Amiens pour son action  \u00abReconnaissance des comp\u00e9tences\u00bb"},"content":{"rendered":"<p><a href=\"http:\/\/www.cgt-hopital-manosque.fr\/wp-content\/uploads\/2013\/08\/206.-Grand-Prix-ANFH-2013-EPSOMS-Georges-Couthon-OK-A-INSERER.jpg\"><img loading=\"lazy\" decoding=\"async\" src=\"http:\/\/www.cgt-hopital-manosque.fr\/wp-content\/uploads\/2013\/08\/206.-Grand-Prix-ANFH-2013-EPSOMS-Georges-Couthon-OK-A-INSERER.jpg\" alt=\"\" width=\"1024\" height=\"683\" class=\"aligncenter size-full wp-image-1576\" srcset=\"http:\/\/www.cgt-hopital-manosque.fr\/wp-content\/uploads\/2013\/08\/206.-Grand-Prix-ANFH-2013-EPSOMS-Georges-Couthon-OK-A-INSERER.jpg 1024w, http:\/\/www.cgt-hopital-manosque.fr\/wp-content\/uploads\/2013\/08\/206.-Grand-Prix-ANFH-2013-EPSOMS-Georges-Couthon-OK-A-INSERER-300x200.jpg 300w\" sizes=\"(max-width: 1024px) 100vw, 1024px\" \/><\/a><\/p>\n<p style= \"text-align: justify;\">Pour la sixi\u00e8me ann\u00e9e cons\u00e9cutive, l\u2019ANFH (Association Nationale pour la Formation permanente du personnel Hospitalier) a organis\u00e9 le \u00ab Prix ANFH \u00bb qui a pour but de valoriser les actions innovantes, originales et transf\u00e9rables de ses \u00e9tablissements adh\u00e9rents. <\/p>\n<p style= \"text-align: justify;\">L\u2019EPSoMS (Etablissement Public Social et M\u00e9dico-Social) a souhait\u00e9 candidater pour pr\u00e9senter le \u00ab Dispositif &#038; Comp\u00e9tent \u00bb dont il est le porteur en Picardie. Celui \u2013 ci consiste \u00e0 reconna\u00eetre les comp\u00e9tences des personnes handicap\u00e9es au travers d\u2019une validation de droit commun (\u00c9ducation nationale, minist\u00e8re de l\u2019Agriculture). Depuis 2010, 146 b\u00e9n\u00e9ficiaires dont 66 \u00e0 l\u2019EPSoMS se sont engag\u00e9s dans cette d\u00e9marche. <\/p>\n<p style= \"text-align: justify;\">Alors que la professionnalisation des personnes en situation de handicap tarde \u00e0 \u00eatre reconnue et que les \u00e9tablissements et services d\u2019aide par le travail (ESAT) ont la n\u00e9cessit\u00e9 de se diversifier et de professionnaliser l\u2019encadrement et les travailleurs pris en charge, cette action a pour objectif la reconnaissance des comp\u00e9tences des travailleurs handicap\u00e9s et la professionnalisation des moniteurs sur ces d\u00e9marches. <\/p>\n<p style= \"text-align: justify;\">L\u2019EPSOMS a ainsi permis la formation de 3 coordonnateurs, de 29 moniteurs (sur 40), de 3 membres de direction et 64 reconnaissances de comp\u00e9tences.  Une mallette p\u00e9dagogique et des outils de communication ont \u00e9t\u00e9 r\u00e9alis\u00e9s. La d\u00e9marche est poursuivie avec le soutien de la d\u00e9l\u00e9gation r\u00e9gionale et est essaim\u00e9e aupr\u00e8s des autres ESAT. <\/p>\n<p style= \"text-align: justify;\">Cet \u00e9v\u00e9nement est doublement marquant pour l\u2019EPSoMS qui est le premier repr\u00e9sentant picard a remport\u00e9 ce prix, mais aussi le premier ESAT national. <\/p>\n<p style= \"text-align: justify;\">Les autres \u00e9tablissements prim\u00e9s par l\u2019ANFH sont le CHU de Grenoble, la maison de retraite des Abers et le CHU de la R\u00e9union. En 2012 c\u2019est le CHU d\u2019Angers qui avait obtenu le grand prix pour son \u00ab action de formation des professionnels m\u00e9dicaux \u00e0 l\u2019annonce d\u2019une mauvaise nouvelle en oncologie \u00bb. <\/p>\n<p style= \"text-align: justify;\">Voir la vid\u00e9o sur ce sujet,  <strong><a href=\"http:\/\/www.dailymotion.com\/video\/x10yq3z_prix-anfh-2013-epsoms_news?search_algo=2\" title=\"Cliquer ici\" target=\"_blank\">Cliquer ici<\/a><\/strong><\/p>\n","protected":false},"excerpt":{"rendered":"<p>Pour la sixi\u00e8me ann\u00e9e cons\u00e9cutive, l\u2019ANFH (Association Nationale pour la Formation permanente du personnel Hospitalier) a organis\u00e9 le \u00ab Prix ANFH \u00bb qui a pour but de valoriser les actions innovantes, originales et transf\u00e9rables de ses \u00e9tablissements adh\u00e9rents. L\u2019EPSoMS (Etablissement Public Social et M\u00e9dico-Social) a souhait\u00e9 candidater pour pr\u00e9senter le \u00ab Dispositif &#038; Comp\u00e9tent \u00bb [&hellip;]<\/p>\n","protected":false},"author":1,"featured_media":0,"comment_status":"closed","ping_status":"open","sticky":false,"template":"","format":"standard","meta":{"footnotes":""},"categories":[8],"tags":[],"views":2136,"_links":{"self":[{"href":"http:\/\/www.cgt-hopital-manosque.fr\/index.php?rest_route=\/wp\/v2\/posts\/1573"}],"collection":[{"href":"http:\/\/www.cgt-hopital-manosque.fr\/index.php?rest_route=\/wp\/v2\/posts"}],"about":[{"href":"http:\/\/www.cgt-hopital-manosque.fr\/index.php?rest_route=\/wp\/v2\/types\/post"}],"author":[{"embeddable":true,"href":"http:\/\/www.cgt-hopital-manosque.fr\/index.php?rest_route=\/wp\/v2\/users\/1"}],"replies":[{"embeddable":true,"href":"http:\/\/www.cgt-hopital-manosque.fr\/index.php?rest_route=%2Fwp%2Fv2%2Fcomments&post=1573"}],"version-history":[{"count":10,"href":"http:\/\/www.cgt-hopital-manosque.fr\/index.php?rest_route=\/wp\/v2\/posts\/1573\/revisions"}],"predecessor-version":[{"id":3263,"href":"http:\/\/www.cgt-hopital-manosque.fr\/index.php?rest_route=\/wp\/v2\/posts\/1573\/revisions\/3263"}],"wp:attachment":[{"href":"http:\/\/www.cgt-hopital-manosque.fr\/index.php?rest_route=%2Fwp%2Fv2%2Fmedia&parent=1573"}],"wp:term":[{"taxonomy":"category","embeddable":true,"href":"http:\/\/www.cgt-hopital-manosque.fr\/index.php?rest_route=%2Fwp%2Fv2%2Fcategories&post=1573"},{"taxonomy":"post_tag","embeddable":true,"href":"http:\/\/www.cgt-hopital-manosque.fr\/index.php?rest_route=%2Fwp%2Fv2%2Ftags&post=1573"}],"curies":[{"name":"wp","href":"https:\/\/api.w.org\/{rel}","templated":true}]}}