{"id":1754,"date":"2013-09-22T17:16:43","date_gmt":"2013-09-22T17:16:43","guid":{"rendered":"http:\/\/www.cgt-hopital-manosque.fr\/?p=1754"},"modified":"2015-02-01T18:33:21","modified_gmt":"2015-02-01T18:33:21","slug":"23-septembre-2013-creation-dun-observatoire-national-du-suicide","status":"publish","type":"post","link":"http:\/\/www.cgt-hopital-manosque.fr\/?p=1754","title":{"rendered":"23 septembre 2013 &#8211; Cr\u00e9ation d&rsquo;un Observatoire national du suicide"},"content":{"rendered":"<p style= \"text-align: justify;\">R\u00e9f\u00e9rence : D\u00e9cret 2013-809 du 9 septembre 2013 cr\u00e9e un Observatoire national du suicide. <\/p>\n<p style= \"text-align: justify;\">Le d\u00e9cret cr\u00e9e un Observatoire national du suicide aupr\u00e8s du ministre charg\u00e9 de la sant\u00e9. Il d\u00e9finit ses missions et sa composition. L&rsquo;Observatoire national du suicide est ind\u00e9pendant et pluridisciplinaire. Il a pour mission de coordonner et d&rsquo;am\u00e9liorer les connaissances sur le suicide et les tentatives de suicide, d&rsquo;\u00e9valuer l&rsquo;effet des politiques publiques en mati\u00e8re de pr\u00e9vention du suicide, de produire des recommandations, notamment en mati\u00e8re de pr\u00e9vention. Il est notamment compos\u00e9 de parlementaires, des directeurs des principales administrations centrales et op\u00e9rateurs concern\u00e9s, d&rsquo;experts, de chercheurs, de professionnels de sant\u00e9 et de repr\u00e9sentants des associations. L&rsquo;observatoire \u00e9laborera chaque ann\u00e9e un rapport qu&rsquo;il rendra public. <\/p>\n<p style= \"text-align: justify;\">\nPour consulter le d\u00e9cret,  <strong><a href=\"http:\/\/www.legifrance.gouv.fr\/jopdf\/common\/jo_pdf.jsp?numJO=0&#038;dateJO=20130910&#038;numTexte=3&#038;pageDebut=15199&#038;pageFin=15200 \" title=\"Cliquer ici\" target=\"_blank\">Cliquer ici<\/a><\/strong><\/p>\n","protected":false},"excerpt":{"rendered":"<p>R\u00e9f\u00e9rence : D\u00e9cret 2013-809 du 9 septembre 2013 cr\u00e9e un Observatoire national du suicide. Le d\u00e9cret cr\u00e9e un Observatoire national du suicide aupr\u00e8s du ministre charg\u00e9 de la sant\u00e9. Il d\u00e9finit ses missions et sa composition. L&rsquo;Observatoire national du suicide est ind\u00e9pendant et pluridisciplinaire. Il a pour mission de coordonner et d&rsquo;am\u00e9liorer les connaissances sur [&hellip;]<\/p>\n","protected":false},"author":1,"featured_media":0,"comment_status":"closed","ping_status":"open","sticky":false,"template":"","format":"standard","meta":{"footnotes":""},"categories":[8],"tags":[],"views":1872,"_links":{"self":[{"href":"http:\/\/www.cgt-hopital-manosque.fr\/index.php?rest_route=\/wp\/v2\/posts\/1754"}],"collection":[{"href":"http:\/\/www.cgt-hopital-manosque.fr\/index.php?rest_route=\/wp\/v2\/posts"}],"about":[{"href":"http:\/\/www.cgt-hopital-manosque.fr\/index.php?rest_route=\/wp\/v2\/types\/post"}],"author":[{"embeddable":true,"href":"http:\/\/www.cgt-hopital-manosque.fr\/index.php?rest_route=\/wp\/v2\/users\/1"}],"replies":[{"embeddable":true,"href":"http:\/\/www.cgt-hopital-manosque.fr\/index.php?rest_route=%2Fwp%2Fv2%2Fcomments&post=1754"}],"version-history":[{"count":2,"href":"http:\/\/www.cgt-hopital-manosque.fr\/index.php?rest_route=\/wp\/v2\/posts\/1754\/revisions"}],"predecessor-version":[{"id":1756,"href":"http:\/\/www.cgt-hopital-manosque.fr\/index.php?rest_route=\/wp\/v2\/posts\/1754\/revisions\/1756"}],"wp:attachment":[{"href":"http:\/\/www.cgt-hopital-manosque.fr\/index.php?rest_route=%2Fwp%2Fv2%2Fmedia&parent=1754"}],"wp:term":[{"taxonomy":"category","embeddable":true,"href":"http:\/\/www.cgt-hopital-manosque.fr\/index.php?rest_route=%2Fwp%2Fv2%2Fcategories&post=1754"},{"taxonomy":"post_tag","embeddable":true,"href":"http:\/\/www.cgt-hopital-manosque.fr\/index.php?rest_route=%2Fwp%2Fv2%2Ftags&post=1754"}],"curies":[{"name":"wp","href":"https:\/\/api.w.org\/{rel}","templated":true}]}}