{"id":1766,"date":"2013-09-26T18:23:08","date_gmt":"2013-09-26T18:23:08","guid":{"rendered":"http:\/\/www.cgt-hopital-manosque.fr\/?p=1766"},"modified":"2015-02-01T17:56:10","modified_gmt":"2015-02-01T17:56:10","slug":"27-septembre-2013-qui-veut-tuer-la-poste-chronique-dun-demantelement","status":"publish","type":"post","link":"http:\/\/www.cgt-hopital-manosque.fr\/?p=1766","title":{"rendered":"27 septembre 2013 &#8211; Qui veut tuer la Poste ? chronique d&rsquo;un d\u00e9mant\u00e8lement"},"content":{"rendered":"<p><a href=\"http:\/\/www.cgt-hopital-manosque.fr\/wp-content\/uploads\/2013\/09\/237.-Qui-veut-tuer-la-Poste-OK-A-INSERER.jpg\"><img loading=\"lazy\" decoding=\"async\" src=\"http:\/\/www.cgt-hopital-manosque.fr\/wp-content\/uploads\/2013\/09\/237.-Qui-veut-tuer-la-Poste-OK-A-INSERER.jpg\" alt=\"\" width=\"516\" height=\"778\" class=\"aligncenter size-full wp-image-1767\" srcset=\"http:\/\/www.cgt-hopital-manosque.fr\/wp-content\/uploads\/2013\/09\/237.-Qui-veut-tuer-la-Poste-OK-A-INSERER.jpg 516w, http:\/\/www.cgt-hopital-manosque.fr\/wp-content\/uploads\/2013\/09\/237.-Qui-veut-tuer-la-Poste-OK-A-INSERER-198x300.jpg 198w\" sizes=\"(max-width: 516px) 100vw, 516px\" \/><\/a><\/p>\n<p style= \"text-align: justify;\">Un ouvrage de Thierry Brun<br \/>\nParution : septembre 2013<\/p>\n<p style= \"text-align: justify;\">Fermeture de bureaux de poste, d\u00e9gradation du service rendu aux usagers, mal-\u00eatre au travail&#8230; Tels sont les effets de la politique de \u00ab\u00a0performance\u00a0\u00bb men\u00e9e depuis plus de dix ans \u00e0 La Poste.<br \/>\nAu nom de quels int\u00e9r\u00eats ce service public embl\u00e9matique est-il pass\u00e9 sous statut priv\u00e9 en 2010 ?<br \/>\nPourquoi la consultation nationale organis\u00e9e en octobre 2009 contre la privatisation est-elle rest\u00e9e lettre morte en d\u00e9pit de son succ\u00e8s populaire ?<br \/>\nComment l&rsquo;engagement de l&rsquo;op\u00e9rateur postal dans un march\u00e9 europ\u00e9en totalement ouvert \u00e0 la concurrence a-t-il provoqu\u00e9 une crise sociale majeure et un ensemble de drames humains &#8211; burn-out, maladies, suicides &#8211; au sein de l&rsquo;entreprise ?<br \/>\nAutant de questions explor\u00e9es dans ce livre, qui, plus largement, s&rsquo;interroge sur un mod\u00e8le capitaliste d\u00e9shumanis\u00e9. <\/p>\n","protected":false},"excerpt":{"rendered":"<p>Un ouvrage de Thierry Brun Parution : septembre 2013 Fermeture de bureaux de poste, d\u00e9gradation du service rendu aux usagers, mal-\u00eatre au travail&#8230; Tels sont les effets de la politique de \u00ab\u00a0performance\u00a0\u00bb men\u00e9e depuis plus de dix ans \u00e0 La Poste. Au nom de quels int\u00e9r\u00eats ce service public embl\u00e9matique est-il pass\u00e9 sous statut priv\u00e9 [&hellip;]<\/p>\n","protected":false},"author":1,"featured_media":0,"comment_status":"closed","ping_status":"open","sticky":false,"template":"","format":"standard","meta":{"footnotes":""},"categories":[1],"tags":[],"views":21632,"_links":{"self":[{"href":"http:\/\/www.cgt-hopital-manosque.fr\/index.php?rest_route=\/wp\/v2\/posts\/1766"}],"collection":[{"href":"http:\/\/www.cgt-hopital-manosque.fr\/index.php?rest_route=\/wp\/v2\/posts"}],"about":[{"href":"http:\/\/www.cgt-hopital-manosque.fr\/index.php?rest_route=\/wp\/v2\/types\/post"}],"author":[{"embeddable":true,"href":"http:\/\/www.cgt-hopital-manosque.fr\/index.php?rest_route=\/wp\/v2\/users\/1"}],"replies":[{"embeddable":true,"href":"http:\/\/www.cgt-hopital-manosque.fr\/index.php?rest_route=%2Fwp%2Fv2%2Fcomments&post=1766"}],"version-history":[{"count":4,"href":"http:\/\/www.cgt-hopital-manosque.fr\/index.php?rest_route=\/wp\/v2\/posts\/1766\/revisions"}],"predecessor-version":[{"id":1771,"href":"http:\/\/www.cgt-hopital-manosque.fr\/index.php?rest_route=\/wp\/v2\/posts\/1766\/revisions\/1771"}],"wp:attachment":[{"href":"http:\/\/www.cgt-hopital-manosque.fr\/index.php?rest_route=%2Fwp%2Fv2%2Fmedia&parent=1766"}],"wp:term":[{"taxonomy":"category","embeddable":true,"href":"http:\/\/www.cgt-hopital-manosque.fr\/index.php?rest_route=%2Fwp%2Fv2%2Fcategories&post=1766"},{"taxonomy":"post_tag","embeddable":true,"href":"http:\/\/www.cgt-hopital-manosque.fr\/index.php?rest_route=%2Fwp%2Fv2%2Ftags&post=1766"}],"curies":[{"name":"wp","href":"https:\/\/api.w.org\/{rel}","templated":true}]}}