{"id":1834,"date":"2013-10-21T18:13:54","date_gmt":"2013-10-21T18:13:54","guid":{"rendered":"http:\/\/www.cgt-hopital-manosque.fr\/?p=1834"},"modified":"2015-02-01T18:33:21","modified_gmt":"2015-02-01T18:33:21","slug":"22-octobre-2013-se-soigner-nest-pas-un-luxe","status":"publish","type":"post","link":"http:\/\/www.cgt-hopital-manosque.fr\/?p=1834","title":{"rendered":"22 octobre 2013 &#8211; Se soigner n&rsquo;est pas un luxe !!!"},"content":{"rendered":"<p><a href=\"http:\/\/www.cgt-hopital-manosque.fr\/wp-content\/uploads\/2013\/10\/257.-Se-soigner-n\u2019est-pas-un-luxe-OK-A-INSERER.jpg\"><img loading=\"lazy\" decoding=\"async\" src=\"http:\/\/www.cgt-hopital-manosque.fr\/wp-content\/uploads\/2013\/10\/257.-Se-soigner-n\u2019est-pas-un-luxe-OK-A-INSERER.jpg\" alt=\"\" width=\"1024\" height=\"768\" class=\"aligncenter size-full wp-image-1836\" srcset=\"http:\/\/www.cgt-hopital-manosque.fr\/wp-content\/uploads\/2013\/10\/257.-Se-soigner-n\u2019est-pas-un-luxe-OK-A-INSERER.jpg 1024w, http:\/\/www.cgt-hopital-manosque.fr\/wp-content\/uploads\/2013\/10\/257.-Se-soigner-n\u2019est-pas-un-luxe-OK-A-INSERER-300x225.jpg 300w\" sizes=\"(max-width: 1024px) 100vw, 1024px\" \/><\/a><\/p>\n<p style= \"text-align: justify;\">L\u2019acc\u00e8s \u00e0 la sant\u00e9, depuis la fin de la seconde guerre mondiale, paraissait un droit grav\u00e9 dans le marbre du pacte r\u00e9publicain. La r\u00e9alit\u00e9 d\u2019aujourd\u2019hui est qu\u2019il s\u2019\u00e9tiole : des centaines de milliers de nos concitoyens se voient refuser l\u2019acc\u00e8s aux soins ou remettent \u00e0 plus tard le moment de se soigner. De plus en plus nombreux sont ceux qui finissent par y renoncer. <\/p>\n<p style= \"text-align: justify;\">Il y a le mur de l\u2019argent&#8230; <\/p>\n<p style= \"text-align: justify;\">Il y a les portes que claquent au nez des pauvres une minorit\u00e9 de professionnels oublieux du serment qu\u2019ils ont fait de soigner sans distinction d\u2019origine ni de fortune. <\/p>\n<p style= \"text-align: justify;\">Il y a l\u2019impossibilit\u00e9, m\u00eame apr\u00e8s de nombreuses tentatives, d\u2019avoir un interlocuteur, de faire aboutir un dossier : le maquis des proc\u00e9dures s\u00e8me l\u2019incompr\u00e9hension, la souffrance, la rupture. <\/p>\n<p style= \"text-align: justify;\">Quand \u00e0 tout cela s\u2019ajoutent depuis plusieurs ann\u00e9es la stigmatisation des \u00ab ch\u00f4meurs fraudeurs \u00bb et la mobilisation unilat\u00e9rale des \u00e9nergies des administrations contre \u00ab la triche sociale \u00bb plut\u00f4t que pour l\u2019application des mesures de solidarit\u00e9, l\u2019amertume devient col\u00e8re. <\/p>\n<p style= \"text-align: justify;\">La fraude \u00e0 la S\u00e9curit\u00e9 sociale ne repr\u00e9sente que 0,021 % du d\u00e9ficit du r\u00e9gime g\u00e9n\u00e9ral en 2011. <\/p>\n<p style= \"text-align: justify;\">C&rsquo;est sur ce constat que la s\u00e9natrice Aline Archimbaud (EELV) a remis fin septembre quarante propositions au Premier ministre pour des changements \u00ab urgents et \u00e0 notre port\u00e9e \u00bb afin de garantir l\u2019acc\u00e8s aux soins des plus d\u00e9munis. <\/p>\n<p style= \"text-align: justify;\">Aline Archimbaud explique : \u00ab\u00a0Je n\u2019ai pas \u00e9crit un rapport pour qu\u2019il aille dans un tiroir. Je suis satisfaite de l\u2019\u00e9coute que j\u2019ai re\u00e7ue pour l\u2019instant. Maintenant, il faut des actes. Je serai tr\u00e8s vigilante.  La mission parlementaire qui m\u2019avait \u00e9t\u00e9 confi\u00e9e fin mars par le Premier Ministre vient de se terminer. Je lui ai remis le mardi 24 septembre les conclusions de ce travail : Acc\u00e8s aux soins des plus d\u00e9munis : 40 propositions pour un choc de solidarit\u00e9.<br \/>\nLes 240 auditions, men\u00e9es sous tout le territoire aupr\u00e8s de professionnels de sant\u00e9, associatifs, travailleurs sociaux, responsables de l\u2019assurance maladie et des mutuelles, \u00e9lus et chercheurs nous am\u00e8nent \u00e0 dresser un constat s\u00e9v\u00e8re : il y a urgence\u00a0\u00bb. <\/p>\n<p style= \"text-align: justify;\">\nPour consulter ce rapport,  <strong><a href=\"http:\/\/www.gouvernement.fr\/sites\/default\/files\/fichiers_joints\/rapport_officiel-aline_archimbaud.pdf\" title=\"Cliquer ici\" target=\"_blank\">Cliquer ici<\/a><\/strong><\/p>\n","protected":false},"excerpt":{"rendered":"<p>L\u2019acc\u00e8s \u00e0 la sant\u00e9, depuis la fin de la seconde guerre mondiale, paraissait un droit grav\u00e9 dans le marbre du pacte r\u00e9publicain. La r\u00e9alit\u00e9 d\u2019aujourd\u2019hui est qu\u2019il s\u2019\u00e9tiole : des centaines de milliers de nos concitoyens se voient refuser l\u2019acc\u00e8s aux soins ou remettent \u00e0 plus tard le moment de se soigner. De plus en [&hellip;]<\/p>\n","protected":false},"author":1,"featured_media":0,"comment_status":"closed","ping_status":"open","sticky":false,"template":"","format":"standard","meta":{"footnotes":""},"categories":[8],"tags":[],"views":1907,"_links":{"self":[{"href":"http:\/\/www.cgt-hopital-manosque.fr\/index.php?rest_route=\/wp\/v2\/posts\/1834"}],"collection":[{"href":"http:\/\/www.cgt-hopital-manosque.fr\/index.php?rest_route=\/wp\/v2\/posts"}],"about":[{"href":"http:\/\/www.cgt-hopital-manosque.fr\/index.php?rest_route=\/wp\/v2\/types\/post"}],"author":[{"embeddable":true,"href":"http:\/\/www.cgt-hopital-manosque.fr\/index.php?rest_route=\/wp\/v2\/users\/1"}],"replies":[{"embeddable":true,"href":"http:\/\/www.cgt-hopital-manosque.fr\/index.php?rest_route=%2Fwp%2Fv2%2Fcomments&post=1834"}],"version-history":[{"count":2,"href":"http:\/\/www.cgt-hopital-manosque.fr\/index.php?rest_route=\/wp\/v2\/posts\/1834\/revisions"}],"predecessor-version":[{"id":1837,"href":"http:\/\/www.cgt-hopital-manosque.fr\/index.php?rest_route=\/wp\/v2\/posts\/1834\/revisions\/1837"}],"wp:attachment":[{"href":"http:\/\/www.cgt-hopital-manosque.fr\/index.php?rest_route=%2Fwp%2Fv2%2Fmedia&parent=1834"}],"wp:term":[{"taxonomy":"category","embeddable":true,"href":"http:\/\/www.cgt-hopital-manosque.fr\/index.php?rest_route=%2Fwp%2Fv2%2Fcategories&post=1834"},{"taxonomy":"post_tag","embeddable":true,"href":"http:\/\/www.cgt-hopital-manosque.fr\/index.php?rest_route=%2Fwp%2Fv2%2Ftags&post=1834"}],"curies":[{"name":"wp","href":"https:\/\/api.w.org\/{rel}","templated":true}]}}