{"id":1841,"date":"2013-10-24T18:10:23","date_gmt":"2013-10-24T18:10:23","guid":{"rendered":"http:\/\/www.cgt-hopital-manosque.fr\/?p=1841"},"modified":"2015-01-25T12:52:16","modified_gmt":"2015-01-25T12:52:16","slug":"25-octobre-2013-maternites-des-lilas-communique-de-presse-clip-et-mobilisation","status":"publish","type":"post","link":"http:\/\/www.cgt-hopital-manosque.fr\/?p=1841","title":{"rendered":"25 octobre 2013 &#8211; Maternit\u00e9s des Lilas : Communiqu\u00e9 de presse, clip et mobilisation"},"content":{"rendered":"<p style= \"text-align: justify;\">Suite au rassemblement organis\u00e9 par la CGT le 15 octobre 2013, une  d\u00e9l\u00e9gation a \u00e9t\u00e9 re\u00e7ue par l&rsquo;ARS d&rsquo;Ile de France. <\/p>\n<p style= \"text-align: justify;\">L&rsquo;association Naissance doit d\u00e9sormais confirmer son souhait de voir cette table ronde  se concr\u00e9tiser afin de pouvoir solliciter l&rsquo;ensemble des financeurs  susceptibles d&rsquo;accompagner ce projet de reconstruction de la maternit\u00e9  des Lilas aux Lilas, les autres acteurs et d\u00e9cideurs politiques ayant tous confirm\u00e9 leur pr\u00e9sence : <\/p>\n<p style= \"text-align: justify;\">Daniel Guiraud maire des Lilas, Jean Paul Huchon Pr\u00e9sident de la R\u00e9gion,  Marisol Touraine Ministre de la Sant\u00e9, Claude Bartolone Pr\u00e9sident de  l&rsquo;Assembl\u00e9e Nationale d\u00e9put\u00e9 de la Circonscription, les organisations  syndicales, le collectif de d\u00e9fense de la maternit\u00e9, et donc d\u00e9sormais l&rsquo;ARS (Agence R\u00e9gionale de Sant\u00e9). <\/p>\n<p style= \"text-align: justify;\">\nPour consulter le communiqu\u00e9 de presse,  <strong><a href=\"http:\/\/cgt-territoriaux-leslilas.org\/IMG\/pdf\/communique_de_la_maternite_des_lilas_15_octobre_2013.pdf\" title=\"Cliquer ici\" target=\"_blank\">Cliquer ici<\/a><\/strong><\/p>\n<p style= \"text-align: justify;\">La maternit\u00e9 des Lilas ne l\u00e2che rien. Apr\u00e8s le calendrier des sages-femmes en petite tenue, d&rsquo;autres personnels comme les auxiliaires de pu\u00e9riculture, gyn\u00e9cologues-obst\u00e9triciens, psychologues et administratifs les ont rejointes. Ils se sont mobilis\u00e9s pour un nouveau clip relatif au transfert de leur \u00e9tablissement, en parodiant la chanson \u00ab\u00a0Papaoutai\u00a0\u00bb de Stromae qui devient \u00ab\u00a0Lilas o\u00f9 t&rsquo;es\u00a0\u00bb. <\/p>\n<p style= \"text-align: justify;\">\nPour voir le clip,  <strong><a href=\"http:\/\/www.youtube.com\/watch?v=jmLgY72bdKA\n\" title=\"Cliquer ici\" target=\"_blank\">Cliquer ici<\/a><\/strong><\/p>\n","protected":false},"excerpt":{"rendered":"<p>Suite au rassemblement organis\u00e9 par la CGT le 15 octobre 2013, une d\u00e9l\u00e9gation a \u00e9t\u00e9 re\u00e7ue par l&rsquo;ARS d&rsquo;Ile de France. L&rsquo;association Naissance doit d\u00e9sormais confirmer son souhait de voir cette table ronde se concr\u00e9tiser afin de pouvoir solliciter l&rsquo;ensemble des financeurs susceptibles d&rsquo;accompagner ce projet de reconstruction de la maternit\u00e9 des Lilas aux Lilas, [&hellip;]<\/p>\n","protected":false},"author":1,"featured_media":0,"comment_status":"closed","ping_status":"open","sticky":false,"template":"","format":"standard","meta":{"footnotes":""},"categories":[8],"tags":[],"views":2105,"_links":{"self":[{"href":"http:\/\/www.cgt-hopital-manosque.fr\/index.php?rest_route=\/wp\/v2\/posts\/1841"}],"collection":[{"href":"http:\/\/www.cgt-hopital-manosque.fr\/index.php?rest_route=\/wp\/v2\/posts"}],"about":[{"href":"http:\/\/www.cgt-hopital-manosque.fr\/index.php?rest_route=\/wp\/v2\/types\/post"}],"author":[{"embeddable":true,"href":"http:\/\/www.cgt-hopital-manosque.fr\/index.php?rest_route=\/wp\/v2\/users\/1"}],"replies":[{"embeddable":true,"href":"http:\/\/www.cgt-hopital-manosque.fr\/index.php?rest_route=%2Fwp%2Fv2%2Fcomments&post=1841"}],"version-history":[{"count":2,"href":"http:\/\/www.cgt-hopital-manosque.fr\/index.php?rest_route=\/wp\/v2\/posts\/1841\/revisions"}],"predecessor-version":[{"id":1843,"href":"http:\/\/www.cgt-hopital-manosque.fr\/index.php?rest_route=\/wp\/v2\/posts\/1841\/revisions\/1843"}],"wp:attachment":[{"href":"http:\/\/www.cgt-hopital-manosque.fr\/index.php?rest_route=%2Fwp%2Fv2%2Fmedia&parent=1841"}],"wp:term":[{"taxonomy":"category","embeddable":true,"href":"http:\/\/www.cgt-hopital-manosque.fr\/index.php?rest_route=%2Fwp%2Fv2%2Fcategories&post=1841"},{"taxonomy":"post_tag","embeddable":true,"href":"http:\/\/www.cgt-hopital-manosque.fr\/index.php?rest_route=%2Fwp%2Fv2%2Ftags&post=1841"}],"curies":[{"name":"wp","href":"https:\/\/api.w.org\/{rel}","templated":true}]}}