{"id":1917,"date":"2013-11-19T19:08:42","date_gmt":"2013-11-19T19:08:42","guid":{"rendered":"http:\/\/www.cgt-hopital-manosque.fr\/?p=1917"},"modified":"2015-02-01T17:56:06","modified_gmt":"2015-02-01T17:56:06","slug":"20-novembre-2013-le-ceser-paca-sinterroge-sur-le-role-des-ars-agence-regionale-de-sante","status":"publish","type":"post","link":"http:\/\/www.cgt-hopital-manosque.fr\/?p=1917","title":{"rendered":"20 novembre 2013 &#8211; Le CESER PACA s&rsquo;interroge sur le r\u00f4le des ARS (Agence R\u00e9gionale de Sant\u00e9)"},"content":{"rendered":"<p style= \"text-align: justify;\">La loi du 21 juillet 2009 cr\u00e9e, en son article 118, les agences r\u00e9gionales de sant\u00e9 (ARS), v\u00e9ritable pilier de la r\u00e9forme du syst\u00e8me de sant\u00e9 puisque, \u00e0 travers des missions tr\u00e8s \u00e9tendues, elles regroupent les services des DDASS, DRASS et URCAM. Elles se substituent aux agences r\u00e9gionales de l&rsquo;hospitalisation. <\/p>\n<p style= \"text-align: justify;\">Aujourd&rsquo;hui, le conseil \u00e9conomique social et environnement r\u00e9gional (CESER) s&rsquo;interroge sur la politique de sant\u00e9 men\u00e9e en PACA et surtout sur le r\u00f4le de l&rsquo;ARS dans la droite ligne de ce qu&rsquo;a pu imposer la r\u00e9vision g\u00e9n\u00e9rale des politiques publiques (RGPP). Un rapport vient de sortir \u00e0 ce sujet. <\/p>\n<p style= \"text-align: justify;\">Le  CESER note la concentration du pouvoir r\u00e9el dans les mains du Directeur g\u00e9n\u00e9ral de l\u2019ARS. Il semble que les d\u00e9l\u00e9gu\u00e9s territoriaux soient d\u00e9pourvus du moindre pouvoir d\u00e9cisionnel, celui-ci \u00e9tant concentr\u00e9 \u00e0 la direction r\u00e9gionale de l\u2019Agence. <\/p>\n<p style= \"text-align: justify;\">De plus, l&rsquo;ARS semble avoir une ind\u00e9pendance toute relative. Le directeur est nomm\u00e9 par le minist\u00e8re. Le pr\u00e9sident du conseil de surveillance, c&rsquo;est le pr\u00e9fet. L&rsquo;enveloppe financi\u00e8re est octroy\u00e9e et d\u00e9finit par le minist\u00e8re via l&rsquo;ONDAM. Et on ne s&rsquo;appuie pas forc\u00e9ment sur le recensement r\u00e9el, nous sommes plus dans une logique comptable pure. Les conf\u00e9rences territoriales de sant\u00e9 pourraient jouer un r\u00f4le pr\u00e9pond\u00e9rant dans le rep\u00e9rage des besoins. Malheureusement, elles sont loin de fonctionner comme elles devraient. <\/p>\n<p style= \"text-align: justify;\">S&rsquo;agissant de la d\u00e9mocratie sanitaire :<br \/>\nles conf\u00e9rences r\u00e9gionales de sant\u00e9 semblent manquer d&rsquo;autonomie; les conf\u00e9rences de territoire, les commissions sp\u00e9cialis\u00e9es n&rsquo;ont \u00e0 ce jour aucun pouvoir de d\u00e9cision, d&rsquo;o\u00f9 l&rsquo;absent\u00e9isme important de leurs membres; les conditions d&rsquo;application \u00e0 marche forc\u00e9e du projet r\u00e9gional de sant\u00e9 (PRS) ne sont pas de nature \u00e0 favoriser l&rsquo;exercice de la d\u00e9mocratie; le r\u00f4le des membres du conseil de surveillance autres que ceux des organismes de tutelle n&rsquo;ont aucune port\u00e9e. <\/p>\n<p style= \"text-align: justify;\">La CGT consid\u00e8re que la nouvelle organisation du syst\u00e8me de sant\u00e9 y compris dans la r\u00e9gion, l&rsquo;absent\u00e9isme au sein des instances, la concentration des pouvoirs, la logique descendante plut\u00f4t que remontante des besoins, le manque de contr\u00f4le des ARS sur les pratiques des directions d&rsquo;\u00e9tablissements, les conditions de travail qui se d\u00e9gradent, les conditions d&rsquo;accueil des patients qui se d\u00e9t\u00e9riorent induisent qu&rsquo;il  y a peu ou moins de d\u00e9mocratie dans la r\u00e9gion sanitaire et encore moins de r\u00e9ponse aux besoins de sant\u00e9 de proximit\u00e9. <\/p>\n<p style= \"text-align: justify;\">Pour l&rsquo;ARS le ma\u00eetre-mot semble \u00eatre efficience, r\u00e9\u00e9quilibrage, concentration, rationalisation, regroupement \u00e0 l&rsquo;image des communaut\u00e9s hospitali\u00e8res de territoires qui sont mises en place et qui n&rsquo;am\u00e9liorent pas la situation, et la mise en place de la T2A. Pour nous le ma\u00eetre-mot, c&rsquo;est la r\u00e9ponse aux besoins de l&rsquo;offre de sant\u00e9. <\/p>\n<p style= \"text-align: justify;\">Dans la mise en \u0153uvre des ARS, nous regrettons que ne soient pas int\u00e9gr\u00e9es dans le champ d&rsquo;action :<br \/>\n&#8211; la sant\u00e9 au travail<br \/>\n&#8211; et la sant\u00e9 scolaire <\/p>\n<p style= \"text-align: justify;\">\nPour consulter le rapport du CESER,  <strong><a href=\"http:\/\/www.ceserpaca.fr\/uploads\/media\/2013LAgenceRgionaledeSanttroisansaprssamiseenplace.zip \" title=\"Cliquer ici\" target=\"_blank\">Cliquer ici<\/a><\/strong><\/p>\n","protected":false},"excerpt":{"rendered":"<p>La loi du 21 juillet 2009 cr\u00e9e, en son article 118, les agences r\u00e9gionales de sant\u00e9 (ARS), v\u00e9ritable pilier de la r\u00e9forme du syst\u00e8me de sant\u00e9 puisque, \u00e0 travers des missions tr\u00e8s \u00e9tendues, elles regroupent les services des DDASS, DRASS et URCAM. Elles se substituent aux agences r\u00e9gionales de l&rsquo;hospitalisation. Aujourd&rsquo;hui, le conseil \u00e9conomique social [&hellip;]<\/p>\n","protected":false},"author":1,"featured_media":0,"comment_status":"closed","ping_status":"open","sticky":false,"template":"","format":"standard","meta":{"footnotes":""},"categories":[8],"tags":[],"views":17435,"_links":{"self":[{"href":"http:\/\/www.cgt-hopital-manosque.fr\/index.php?rest_route=\/wp\/v2\/posts\/1917"}],"collection":[{"href":"http:\/\/www.cgt-hopital-manosque.fr\/index.php?rest_route=\/wp\/v2\/posts"}],"about":[{"href":"http:\/\/www.cgt-hopital-manosque.fr\/index.php?rest_route=\/wp\/v2\/types\/post"}],"author":[{"embeddable":true,"href":"http:\/\/www.cgt-hopital-manosque.fr\/index.php?rest_route=\/wp\/v2\/users\/1"}],"replies":[{"embeddable":true,"href":"http:\/\/www.cgt-hopital-manosque.fr\/index.php?rest_route=%2Fwp%2Fv2%2Fcomments&post=1917"}],"version-history":[{"count":3,"href":"http:\/\/www.cgt-hopital-manosque.fr\/index.php?rest_route=\/wp\/v2\/posts\/1917\/revisions"}],"predecessor-version":[{"id":1927,"href":"http:\/\/www.cgt-hopital-manosque.fr\/index.php?rest_route=\/wp\/v2\/posts\/1917\/revisions\/1927"}],"wp:attachment":[{"href":"http:\/\/www.cgt-hopital-manosque.fr\/index.php?rest_route=%2Fwp%2Fv2%2Fmedia&parent=1917"}],"wp:term":[{"taxonomy":"category","embeddable":true,"href":"http:\/\/www.cgt-hopital-manosque.fr\/index.php?rest_route=%2Fwp%2Fv2%2Fcategories&post=1917"},{"taxonomy":"post_tag","embeddable":true,"href":"http:\/\/www.cgt-hopital-manosque.fr\/index.php?rest_route=%2Fwp%2Fv2%2Ftags&post=1917"}],"curies":[{"name":"wp","href":"https:\/\/api.w.org\/{rel}","templated":true}]}}