{"id":2001,"date":"2013-12-04T19:29:44","date_gmt":"2013-12-04T19:29:44","guid":{"rendered":"http:\/\/www.cgt-hopital-manosque.fr\/?p=2001"},"modified":"2015-02-01T17:56:06","modified_gmt":"2015-02-01T17:56:06","slug":"5-decembre-2013-discrimination-au-centre-hospitalier-de-manosque-le-combat-continue","status":"publish","type":"post","link":"http:\/\/www.cgt-hopital-manosque.fr\/?p=2001","title":{"rendered":"5 d\u00e9cembre 2013 &#8211; Discrimination au centre hospitalier de Manosque : le combat continue"},"content":{"rendered":"<p style= \"text-align: justify;\">Construire l&rsquo;\u00e9galit\u00e9, c&rsquo;est lutter contre les discriminations par la mise en application de la Loi. <\/p>\n<p style= \"text-align: justify;\">Cependant au sein du CH Manosque, la note annuelle des femmes est gel\u00e9e dans le cadre du cong\u00e9 l\u00e9gal de maternit\u00e9. <\/p>\n<p style= \"text-align: justify;\">C&rsquo;est ainsi que ce crit\u00e8re prohib\u00e9 est toujours en vigueur au sein de cet \u00e9tablissement de sant\u00e9 et ce en d\u00e9pit des intercessions r\u00e9p\u00e9t\u00e9es par le syndicat CGT. <\/p>\n<p style= \"text-align: justify;\">Effectivement, les femmes sont trait\u00e9es de mani\u00e8re moins favorable que les hommes en raison de leur grossesse et de leur maternit\u00e9 donc de leur sexe. <\/p>\n<p style= \"text-align: justify;\">C&rsquo;est pour cette raison que la CGT a souhait\u00e9 acc\u00e9l\u00e9rer le traitement de ce dossier. <\/p>\n<p style= \"text-align: justify;\">Pour consulter la lettre ouverte adress\u00e9e au directeur de l&rsquo;\u00e9tablissement, <strong><a href=\"http:\/\/www.cgt-hopital-manosque.fr\/wp-content\/uploads\/2013\/12\/298.-Discrimination-au-centre-hospitalier-de-Manosque.pdf\">cliquer ici<\/a><\/strong> <\/p>\n","protected":false},"excerpt":{"rendered":"<p>Construire l&rsquo;\u00e9galit\u00e9, c&rsquo;est lutter contre les discriminations par la mise en application de la Loi. Cependant au sein du CH Manosque, la note annuelle des femmes est gel\u00e9e dans le cadre du cong\u00e9 l\u00e9gal de maternit\u00e9. C&rsquo;est ainsi que ce crit\u00e8re prohib\u00e9 est toujours en vigueur au sein de cet \u00e9tablissement de sant\u00e9 et ce [&hellip;]<\/p>\n","protected":false},"author":1,"featured_media":0,"comment_status":"closed","ping_status":"open","sticky":false,"template":"","format":"standard","meta":{"footnotes":""},"categories":[7],"tags":[],"views":2562,"_links":{"self":[{"href":"http:\/\/www.cgt-hopital-manosque.fr\/index.php?rest_route=\/wp\/v2\/posts\/2001"}],"collection":[{"href":"http:\/\/www.cgt-hopital-manosque.fr\/index.php?rest_route=\/wp\/v2\/posts"}],"about":[{"href":"http:\/\/www.cgt-hopital-manosque.fr\/index.php?rest_route=\/wp\/v2\/types\/post"}],"author":[{"embeddable":true,"href":"http:\/\/www.cgt-hopital-manosque.fr\/index.php?rest_route=\/wp\/v2\/users\/1"}],"replies":[{"embeddable":true,"href":"http:\/\/www.cgt-hopital-manosque.fr\/index.php?rest_route=%2Fwp%2Fv2%2Fcomments&post=2001"}],"version-history":[{"count":1,"href":"http:\/\/www.cgt-hopital-manosque.fr\/index.php?rest_route=\/wp\/v2\/posts\/2001\/revisions"}],"predecessor-version":[{"id":2003,"href":"http:\/\/www.cgt-hopital-manosque.fr\/index.php?rest_route=\/wp\/v2\/posts\/2001\/revisions\/2003"}],"wp:attachment":[{"href":"http:\/\/www.cgt-hopital-manosque.fr\/index.php?rest_route=%2Fwp%2Fv2%2Fmedia&parent=2001"}],"wp:term":[{"taxonomy":"category","embeddable":true,"href":"http:\/\/www.cgt-hopital-manosque.fr\/index.php?rest_route=%2Fwp%2Fv2%2Fcategories&post=2001"},{"taxonomy":"post_tag","embeddable":true,"href":"http:\/\/www.cgt-hopital-manosque.fr\/index.php?rest_route=%2Fwp%2Fv2%2Ftags&post=2001"}],"curies":[{"name":"wp","href":"https:\/\/api.w.org\/{rel}","templated":true}]}}