{"id":2020,"date":"2013-12-09T19:16:07","date_gmt":"2013-12-09T19:16:07","guid":{"rendered":"http:\/\/www.cgt-hopital-manosque.fr\/?p=2020"},"modified":"2015-01-25T12:52:13","modified_gmt":"2015-01-25T12:52:13","slug":"10-decembre-2013-cest-quoi-le-conseil-superieur-de-la-fonction-publique-hospitaliere-interview-de-ghislaine-roussel","status":"publish","type":"post","link":"http:\/\/www.cgt-hopital-manosque.fr\/?p=2020","title":{"rendered":"10 d\u00e9cembre 2013 &#8211; C&rsquo;est quoi le conseil sup\u00e9rieur de la fonction publique hospitali\u00e8re &#8211; Interview de Ghislaine Roussel"},"content":{"rendered":"<p><a href=\"http:\/\/www.cgt-hopital-manosque.fr\/wp-content\/uploads\/2013\/12\/300.-Cest-quoi-le-conseil-sup\u00e9rieur-de-la-fonction-publique-hospitali\u00e8re.jpg\"><img loading=\"lazy\" decoding=\"async\" src=\"http:\/\/www.cgt-hopital-manosque.fr\/wp-content\/uploads\/2013\/12\/300.-Cest-quoi-le-conseil-sup\u00e9rieur-de-la-fonction-publique-hospitali\u00e8re.jpg\" alt=\"\" width=\"379\" height=\"251\" class=\"aligncenter size-full wp-image-2021\" srcset=\"http:\/\/www.cgt-hopital-manosque.fr\/wp-content\/uploads\/2013\/12\/300.-Cest-quoi-le-conseil-sup\u00e9rieur-de-la-fonction-publique-hospitali\u00e8re.jpg 379w, http:\/\/www.cgt-hopital-manosque.fr\/wp-content\/uploads\/2013\/12\/300.-Cest-quoi-le-conseil-sup\u00e9rieur-de-la-fonction-publique-hospitali\u00e8re-300x198.jpg 300w\" sizes=\"(max-width: 379px) 100vw, 379px\" \/><\/a><\/p>\n<p style= \"text-align: justify;\">Nous avons interrog\u00e9 Ghislaine Roussel, manip radio au sein du centre hospitalier de Manosque, secr\u00e9taire USD 04, et membre du conseil sup\u00e9rieur de la fonction publique hospitali\u00e8re. <\/p>\n<p style= \"text-align: justify;\"> <strong>1\/ CGT Hop Manosque : Bonjour Ghislaine, peux-tu expliquer bri\u00e8vement quel est le r\u00f4le et l&rsquo;utilit\u00e9 du Conseil Sup ? <\/strong> <\/p>\n<p style= \"text-align: justify;\">Ghislaine Roussel :<br \/>\nLe Conseil sup\u00e9rieur de la fonction publique hospitali\u00e8re a cette double vocation d\u2019organisme consultatif et d\u2019instance de recours. Organisme consultatif, il est saisi pour avis sur tout projet de texte relatif \u00e0 la situation des personnels des \u00e9tablissements et sur les projets de statuts particuliers des corps et emplois. Il examine \u00e9galement \u00ab\u00a0toute question relative \u00e0 la FPH\u00a0\u00bb, pr\u00e9sent\u00e9e par les ministres comp\u00e9tents, ou \u00e0 la demande \u00e9crite du tiers de ses membres.<br \/>\nIl constitue \u00e9galement l\u2019organe sup\u00e9rieur de recours comp\u00e9tent pour statuer sur les contestations relatives aux avancements de grades, de certaines sanctions et des licenciements pour insuffisance professionnelle. Cette comp\u00e9tence est exerc\u00e9e par la commission des recours, d\u00e9sign\u00e9e au sein du Conseil sup\u00e9rieur. <\/p>\n<p style= \"text-align: justify;\"> <strong>2\/ Quelle est la composition du Conseil Sup? <\/strong><\/p>\n<p style= \"text-align: justify;\">Ghislaine Roussel :<br \/>\nCr\u00e9\u00e9 par la loi 86-33 du 9 janvier 1986 portant dispositions statutaires relatives \u00e0 la fonction publique hospitali\u00e8re, le Conseil sup\u00e9rieur de la fonction publique hospitali\u00e8re compte 38 membres titulaires. La moiti\u00e9 de ces membres repr\u00e9sentent les administrations concern\u00e9es, l\u2019autre moiti\u00e9 les organisations syndicales repr\u00e9sentatives. <\/p>\n<p style= \"text-align: justify;\">Au titre des premi\u00e8res si\u00e8gent :<br \/>\n*les repr\u00e9sentants des minist\u00e8res concern\u00e9s,<br \/>\n*des administrateurs des \u00e9tablissements d\u00e9sign\u00e9s par l\u2019Assembl\u00e9e des d\u00e9partements de France (ADF), l\u2019association des maires de France (AMF),et la F\u00e9d\u00e9ration hospitali\u00e8re de France (FHF)<br \/>\n*des repr\u00e9sentants des directeurs d\u2019\u00e9tablissements dont le directeur g\u00e9n\u00e9ral de l\u2019AP-HP. <\/p>\n<p style= \"text-align: justify;\">La composition du CSFPH tient compte du r\u00e9sultat des \u00e9lections professionnelles pour la repr\u00e9sentativit\u00e9 :<br \/>\nCGT : 7 si\u00e8ges titulaires , 14 si\u00e8ges suppl\u00e9ants<br \/>\nCFDT : 5 si\u00e8ges titulaires , 10 si\u00e8ges suppl\u00e9ants<br \/>\nFO : 5 si\u00e8ges \u2026\u2026<br \/>\nSUD : 2 si\u00e9ges\u2026.<br \/>\nSMPS : 1 si\u00e8ge\u2026  CGC : 1 si\u00e8ge&#8230;..CFTC :1 si\u00e8ge\u2026.  UNSA :1 si\u00e8ge\u2026<\/p>\n<p style= \"text-align: justify;\"> <strong>3\/ Quels sont les dossiers en cours ? <\/strong><\/p>\n<p style= \"text-align: justify;\">Ghislaine Roussel :<br \/>\nDes projets de d\u00e9crets relatifs aux prochaines \u00e9lections professionnelles sont \u00e0 l&rsquo;\u00e9tude. On y discute notamment sur les modalit\u00e9s du vote (vote physique ou \u00e9lectronique par exemple). Un  article sur les heures syndicales mutualis\u00e9es est \u00e9galement en attente. <\/p>\n<p style= \"text-align: justify;\"> <strong>4\/ Quel bilan peut-on tirer du conseil sup \u00e0 ce jour ? <\/strong><\/p>\n<p style= \"text-align: justify;\">Ghislaine Roussel :<br \/>\nDepuis 1987, le Conseil sup\u00e9rieur se r\u00e9unit en moyenne 5 fois par an et a examin\u00e9 pr\u00e8s de 600 textes. Il s\u2019agit d\u2019une instance essentielle de dialogue social entre les organisations syndicales repr\u00e9sentatives, les employeurs et l\u2019Etat au niveau national. <\/p>\n","protected":false},"excerpt":{"rendered":"<p>Nous avons interrog\u00e9 Ghislaine Roussel, manip radio au sein du centre hospitalier de Manosque, secr\u00e9taire USD 04, et membre du conseil sup\u00e9rieur de la fonction publique hospitali\u00e8re. 1\/ CGT Hop Manosque : Bonjour Ghislaine, peux-tu expliquer bri\u00e8vement quel est le r\u00f4le et l&rsquo;utilit\u00e9 du Conseil Sup ? Ghislaine Roussel : Le Conseil sup\u00e9rieur de la [&hellip;]<\/p>\n","protected":false},"author":1,"featured_media":0,"comment_status":"closed","ping_status":"open","sticky":false,"template":"","format":"standard","meta":{"footnotes":""},"categories":[7],"tags":[],"views":3078,"_links":{"self":[{"href":"http:\/\/www.cgt-hopital-manosque.fr\/index.php?rest_route=\/wp\/v2\/posts\/2020"}],"collection":[{"href":"http:\/\/www.cgt-hopital-manosque.fr\/index.php?rest_route=\/wp\/v2\/posts"}],"about":[{"href":"http:\/\/www.cgt-hopital-manosque.fr\/index.php?rest_route=\/wp\/v2\/types\/post"}],"author":[{"embeddable":true,"href":"http:\/\/www.cgt-hopital-manosque.fr\/index.php?rest_route=\/wp\/v2\/users\/1"}],"replies":[{"embeddable":true,"href":"http:\/\/www.cgt-hopital-manosque.fr\/index.php?rest_route=%2Fwp%2Fv2%2Fcomments&post=2020"}],"version-history":[{"count":3,"href":"http:\/\/www.cgt-hopital-manosque.fr\/index.php?rest_route=\/wp\/v2\/posts\/2020\/revisions"}],"predecessor-version":[{"id":2024,"href":"http:\/\/www.cgt-hopital-manosque.fr\/index.php?rest_route=\/wp\/v2\/posts\/2020\/revisions\/2024"}],"wp:attachment":[{"href":"http:\/\/www.cgt-hopital-manosque.fr\/index.php?rest_route=%2Fwp%2Fv2%2Fmedia&parent=2020"}],"wp:term":[{"taxonomy":"category","embeddable":true,"href":"http:\/\/www.cgt-hopital-manosque.fr\/index.php?rest_route=%2Fwp%2Fv2%2Fcategories&post=2020"},{"taxonomy":"post_tag","embeddable":true,"href":"http:\/\/www.cgt-hopital-manosque.fr\/index.php?rest_route=%2Fwp%2Fv2%2Ftags&post=2020"}],"curies":[{"name":"wp","href":"https:\/\/api.w.org\/{rel}","templated":true}]}}