{"id":2033,"date":"2013-12-15T19:22:24","date_gmt":"2013-12-15T19:22:24","guid":{"rendered":"http:\/\/www.cgt-hopital-manosque.fr\/?p=2033"},"modified":"2015-02-01T17:56:06","modified_gmt":"2015-02-01T17:56:06","slug":"16-decembre-2013-la-cgt-aux-cotes-des-sages-femmes","status":"publish","type":"post","link":"http:\/\/www.cgt-hopital-manosque.fr\/?p=2033","title":{"rendered":"16 d\u00e9cembre 2013 &#8211; La CGT aux c\u00f4t\u00e9s des Sages-Femmes"},"content":{"rendered":"<p><a href=\"http:\/\/www.cgt-hopital-manosque.fr\/wp-content\/uploads\/2013\/12\/305.-La-CGT-aux-c\u00f4t\u00e9s-des-Sages-Femmes.jpg\"><img loading=\"lazy\" decoding=\"async\" src=\"http:\/\/www.cgt-hopital-manosque.fr\/wp-content\/uploads\/2013\/12\/305.-La-CGT-aux-c\u00f4t\u00e9s-des-Sages-Femmes.jpg\" alt=\"\" width=\"2048\" height=\"1536\" class=\"aligncenter size-full wp-image-2035\" srcset=\"http:\/\/www.cgt-hopital-manosque.fr\/wp-content\/uploads\/2013\/12\/305.-La-CGT-aux-c\u00f4t\u00e9s-des-Sages-Femmes.jpg 2048w, http:\/\/www.cgt-hopital-manosque.fr\/wp-content\/uploads\/2013\/12\/305.-La-CGT-aux-c\u00f4t\u00e9s-des-Sages-Femmes-300x225.jpg 300w, http:\/\/www.cgt-hopital-manosque.fr\/wp-content\/uploads\/2013\/12\/305.-La-CGT-aux-c\u00f4t\u00e9s-des-Sages-Femmes-1024x768.jpg 1024w\" sizes=\"(max-width: 2048px) 100vw, 2048px\" \/><\/a><\/p>\n<p style= \"text-align: justify;\">Le 11 d\u00e9cembre 2013, le Conseil Sup\u00e9rieur de la Fonction Publique Hospitali\u00e8re s\u2019est r\u00e9uni. Cette instance paritaire a vocation \u00e0 examiner tous les projets de statuts particuliers dont ceux des sages-femmes. Solennellement, la CGT a interpell\u00e9 le gouvernement et Marisol Touraine pour que des avanc\u00e9es soient enfin obtenues. <\/p>\n<p style= \"text-align: justify;\"> \u00ab La CGT souhaite particuli\u00e8rement attirer l\u2019attention sur la profession sages-femmes. Apr\u00e8s dix ans de r\u00e9flexions, de groupes de travail, de promesses non tenues, une question de confiance est pos\u00e9e au gouvernement et aux deux ministres qui le repr\u00e9sentent. Peut-on faire confiance \u00e0 la d\u00e9marche annonc\u00e9e par Mmes Fioraso et Touraine le 19 novembre dernier avec l\u2019annonce de quatre groupes de travail sur les sages-femmes ? Depuis dix ans, l\u2019exasp\u00e9ration a grandi, la confiance s\u2019est \u00e9mouss\u00e9e \u00e0 force d\u2019annonces qui n\u2019ont pas \u00e9t\u00e9 suivis des faits. Aujourd\u2019hui, alors que les sages-femmes portent, dans les maternit\u00e9s, au quotidien, toute l\u2019ann\u00e9e, 24h sur 24h, la continuit\u00e9 du service public hospitalier, elles attendent du gouvernement que les actes succ\u00e8dent enfin aux paroles. <\/p>\n<p style= \"text-align: justify;\">C\u2019est maintenant l\u2019heure de v\u00e9rit\u00e9 pour le gouvernement et en particulier pour Mme la ministre des affaires sociales et de la sant\u00e9. L\u2019heure est en effet venue pour la Ministre de nous dire si elle reconna\u00eet ou non les sages-femmes comme un pilier essentiel du syst\u00e8me de sant\u00e9 fran\u00e7ais. Si oui, alors la Ministre doit mettre en place une fili\u00e8re m\u00e9dicale et ma\u00efeutique au sein de l\u2019h\u00f4pital. Si oui, alors la Ministre doit reconna\u00eetre aux sages-femmes une place de premier recours \u00e0 l\u2019h\u00f4pital. Si oui, le Ministre doit mettre en place des fili\u00e8res physiologiques sous la responsabilit\u00e9 des seules sages-femmes. Si oui, les sages-femmes doivent recevoir une r\u00e9mun\u00e9ration en rapport avec leurs responsabilit\u00e9s m\u00e9dicales au sein de l\u2019h\u00f4pital, en rapport avec la contribution quotidienne qu\u2019elles apportent \u00e0 la continuit\u00e9 et la qualit\u00e9 du service public. La Cgt d\u00e9fend l\u2019instauration d\u2019un grand service public de sant\u00e9 et d\u2019action sociale o\u00f9 les sages-femmes ont toute leur place. <\/p>\n<p style= \"text-align: justify;\">Le service public, c\u2019est aussi la question centrale qui est pos\u00e9e \u00e0 l\u2019occasion des luttes des sages-femmes. L\u00e0 aussi, c\u2019est l\u2019heure de v\u00e9rit\u00e9. Sortir les sages-femmes du titre IV de la fonction publique, c\u2019est renier l\u2019id\u00e9e m\u00eame de service public hospitalier, c\u2019est renier les id\u00e9aux de gauche qui ont construit, en 1986, le statut des fonctionnaires hospitaliers et avant lui le statut des fonctionnaires d\u2019\u00c9tat. Sortir les sages-femmes des statuts de la fonction publique hospitali\u00e8re serait un signe de d\u00e9fiance \u00e0 l\u2019\u00e9gard de l\u2019ensemble des fonctionnaires hospitaliers, le coup d\u2019envoi au d\u00e9mant\u00e8lement des statuts, la porte ouverte \u00e0 tous les corporatismes qui pr\u00e9sentent la sortie du statut comme un eldorado. <\/p>\n<p style= \"text-align: justify;\">Aussi, pour les sages-femmes, la sortie du statut n\u2019est qu\u2019un march\u00e9 de dupe car il n\u2019est aucune revendication port\u00e9e par l\u2019ensemble des sages-femmes aujourd\u2019hui qui ne puisse trouver sa solution dans le titre IV. Ni le respect de leur ind\u00e9pendance professionnelle, ni la revalorisation de leurs fonctions, ni la revalorisation de leurs r\u00e9mun\u00e9rations. <\/p>\n<p style= \"text-align: justify;\">Au contraire, la sortie du statut signifie la perte d\u2019une partie de la protection sociale (en particulier le rattachement \u00e0 la CNRACL), la perte du d\u00e9compte horaire de travail et l\u2019explosion programm\u00e9e des horaires, par voie de cons\u00e9quence une d\u00e9gradation sensible de leurs conditions de travail, un \u00e9clatement des modalit\u00e9s d\u2019exercice de la ma\u00efeutique avec l\u2019apparition de statuts contractuels et pr\u00e9caires et dans l\u2019hypoth\u00e8se m\u00eame d\u2019un statut sp\u00e9cial, un statut vou\u00e9 \u00e0 \u00eatre \u00e0 la remorque des autres, un statut doublement annexe ; annexe au statut de la fonction publique et annexe au statut des m\u00e9decins hospitaliers. En tout cas, \u00e0 la remorque de tous. C\u2019est l\u2019assurance demain d\u2019une insatisfaction redoubl\u00e9e, l\u2019assurance de consid\u00e9rer qu\u2019elles ont \u00e9t\u00e9 dup\u00e9es, une fois de plus par des annonces non suivies des faits, l\u2019assurance qu\u2019elles seront dans un an, plus nombreuses encore, dans la rue. A travers la prise en compte des revendications des sages-femmes, c\u2019est, Mme Touraine, votre degr\u00e9 d\u2019attachement aux statuts de la fonction publique qui sera mesur\u00e9. C\u2019est aussi votre capacit\u00e9 \u00e0 mettre en conformit\u00e9 vos valeurs de gauche avec vos actes de gauche, les valeurs fondamentales de gauche dont vous vous r\u00e9clamez et qui font l\u2019unit\u00e9 d\u2019une famille politique de gauche. <\/p>\n<p style= \"text-align: justify;\">La Cgt rappelle avec force, \u00e0 l\u2019occasion de cette lutte des sages-femmes, son attachement au service public hospitalier, lieu d\u2019innovation o\u00f9 la ma\u00efeutique est porteuse d\u2019avenir et de d\u2019am\u00e9liorations pour la sant\u00e9 publique de toute la population fran\u00e7aise. La Cgt rappelle aussi son attachement \u00e0 un statut r\u00e9nov\u00e9 des sages-femmes au sein de la fonction publique hospitali\u00e8re car le statut est protecteur et que cette protection, cette assurance du lendemain, sont indispensables pour exercer avec toute la s\u00e9r\u00e9nit\u00e9 requise un m\u00e9tier magnifique mais qui comporte de tr\u00e8s lourdes contraintes et responsabilit\u00e9s. \u00bb <\/p>\n","protected":false},"excerpt":{"rendered":"<p>Le 11 d\u00e9cembre 2013, le Conseil Sup\u00e9rieur de la Fonction Publique Hospitali\u00e8re s\u2019est r\u00e9uni. Cette instance paritaire a vocation \u00e0 examiner tous les projets de statuts particuliers dont ceux des sages-femmes. Solennellement, la CGT a interpell\u00e9 le gouvernement et Marisol Touraine pour que des avanc\u00e9es soient enfin obtenues. \u00ab La CGT souhaite particuli\u00e8rement attirer l\u2019attention [&hellip;]<\/p>\n","protected":false},"author":1,"featured_media":0,"comment_status":"closed","ping_status":"open","sticky":false,"template":"","format":"standard","meta":{"footnotes":""},"categories":[7],"tags":[],"views":1974,"_links":{"self":[{"href":"http:\/\/www.cgt-hopital-manosque.fr\/index.php?rest_route=\/wp\/v2\/posts\/2033"}],"collection":[{"href":"http:\/\/www.cgt-hopital-manosque.fr\/index.php?rest_route=\/wp\/v2\/posts"}],"about":[{"href":"http:\/\/www.cgt-hopital-manosque.fr\/index.php?rest_route=\/wp\/v2\/types\/post"}],"author":[{"embeddable":true,"href":"http:\/\/www.cgt-hopital-manosque.fr\/index.php?rest_route=\/wp\/v2\/users\/1"}],"replies":[{"embeddable":true,"href":"http:\/\/www.cgt-hopital-manosque.fr\/index.php?rest_route=%2Fwp%2Fv2%2Fcomments&post=2033"}],"version-history":[{"count":2,"href":"http:\/\/www.cgt-hopital-manosque.fr\/index.php?rest_route=\/wp\/v2\/posts\/2033\/revisions"}],"predecessor-version":[{"id":2037,"href":"http:\/\/www.cgt-hopital-manosque.fr\/index.php?rest_route=\/wp\/v2\/posts\/2033\/revisions\/2037"}],"wp:attachment":[{"href":"http:\/\/www.cgt-hopital-manosque.fr\/index.php?rest_route=%2Fwp%2Fv2%2Fmedia&parent=2033"}],"wp:term":[{"taxonomy":"category","embeddable":true,"href":"http:\/\/www.cgt-hopital-manosque.fr\/index.php?rest_route=%2Fwp%2Fv2%2Fcategories&post=2033"},{"taxonomy":"post_tag","embeddable":true,"href":"http:\/\/www.cgt-hopital-manosque.fr\/index.php?rest_route=%2Fwp%2Fv2%2Ftags&post=2033"}],"curies":[{"name":"wp","href":"https:\/\/api.w.org\/{rel}","templated":true}]}}