{"id":2042,"date":"2013-12-17T19:35:46","date_gmt":"2013-12-17T19:35:46","guid":{"rendered":"http:\/\/www.cgt-hopital-manosque.fr\/?p=2042"},"modified":"2015-01-25T12:52:13","modified_gmt":"2015-01-25T12:52:13","slug":"18-decembre-2013-relaxe-pour-les-cinq-militants-cgt-de-roanne","status":"publish","type":"post","link":"http:\/\/www.cgt-hopital-manosque.fr\/?p=2042","title":{"rendered":"18 d\u00e9cembre 2013 &#8211; Relaxe pour les cinq militants CGT de Roanne !!!"},"content":{"rendered":"<p><a href=\"http:\/\/www.cgt-hopital-manosque.fr\/wp-content\/uploads\/2013\/12\/308.-Relaxe-pour-les-cinq-militants-CGT-de-Roanne-OK-A-INSERER.jpg\"><img loading=\"lazy\" decoding=\"async\" src=\"http:\/\/www.cgt-hopital-manosque.fr\/wp-content\/uploads\/2013\/12\/308.-Relaxe-pour-les-cinq-militants-CGT-de-Roanne-OK-A-INSERER.jpg\" alt=\"\" width=\"588\" height=\"294\" class=\"aligncenter size-full wp-image-2043\" srcset=\"http:\/\/www.cgt-hopital-manosque.fr\/wp-content\/uploads\/2013\/12\/308.-Relaxe-pour-les-cinq-militants-CGT-de-Roanne-OK-A-INSERER.jpg 588w, http:\/\/www.cgt-hopital-manosque.fr\/wp-content\/uploads\/2013\/12\/308.-Relaxe-pour-les-cinq-militants-CGT-de-Roanne-OK-A-INSERER-300x150.jpg 300w\" sizes=\"(max-width: 588px) 100vw, 588px\" \/><\/a><\/p>\n<p style= \"text-align: justify;\">Voil\u00e0 !!!!! Nous nous sommes rassembl\u00e9s aujourd&rsquo;hui vers midi pr\u00e8s de la Bourse du Travail \u00e0 Roanne afin de montrer notre soutien, notre d\u00e9termination ,et notre solidarit\u00e9 \u00e0 nos 5 camarades syndicalistes. Nous avons d\u00e9fil\u00e9 avec eux dans les rues de Roanne, en criant :<br \/>\n\u00ab syndicalistes pas voyous !!! \u00bb. <\/p>\n<p style= \"text-align: justify;\">Arriv\u00e9s vers le Tribunal, nous \u00e9tions toujours l\u00e0\u2026Avec les forces de l\u2019ordre bien en place\u2026 <\/p>\n<p style= \"text-align: justify;\">Ils sont sortis du tribunal apr\u00e8s quelques minutes seulement : <strong>RELAXES !!!!!!!<\/strong> <\/p>\n<p style= \"text-align: justify;\">Des pleurs, des cris, des \u00ab on a gagn\u00e9\u00bb !!!! <\/p>\n<p style= \"text-align: justify;\">L\u2019\u00e9motion \u00e9tait plus que palpable\u2026. <\/p>\n<p style= \"text-align: justify;\">Nous avons continu\u00e9 \u00e0 d\u00e9filer dans les rues jusqu\u2019\u00e0 la Bourse du Travail\u2026 <\/p>\n<p style= \"text-align: justify;\">ET LE SOLEIL ETAIT AVEC NOUS !!!! DANS LE CIEL ET DANS NOS C\u0152URS !!!! <\/p>\n<p style= \"text-align: justify;\">Montesquieu  disait : \u00ab\u00a0Une injustice faite \u00e0 un seul est une menace faite \u00e0 tous\u00a0\u00bb. C&rsquo;est pour cela que se battre contre l&rsquo;injustice faite \u00e0 nos 5 coll\u00e8gues sert \u00e0 toute la CGT et \u00e0 tous les salari\u00e9s. On nous impose de nous battre en permanence pour la d\u00e9fense des droits et de la d\u00e9mocratie dans un contexte \u00e9conomique tendu, d&rsquo;agressivit\u00e9 du patronat et d&rsquo;une forte pression des actionnaires. On essaie de nous faire croire que toutes les atteintes au droit du travail et \u00e0 la d\u00e9mocratie peuvent \u00eatre permis. Cela est intol\u00e9rable et renforce notre d\u00e9termination. <\/p>\n<p style= \"text-align: justify;\">Nous souhaitons de bonnes f\u00eates de fin d&rsquo;ann\u00e9e \u00e0 nos 5 camarades&#8230;et un repos bien m\u00e9rit\u00e9 !!! <\/p>\n","protected":false},"excerpt":{"rendered":"<p>Voil\u00e0 !!!!! Nous nous sommes rassembl\u00e9s aujourd&rsquo;hui vers midi pr\u00e8s de la Bourse du Travail \u00e0 Roanne afin de montrer notre soutien, notre d\u00e9termination ,et notre solidarit\u00e9 \u00e0 nos 5 camarades syndicalistes. Nous avons d\u00e9fil\u00e9 avec eux dans les rues de Roanne, en criant : \u00ab syndicalistes pas voyous !!! \u00bb. Arriv\u00e9s vers le Tribunal, [&hellip;]<\/p>\n","protected":false},"author":1,"featured_media":0,"comment_status":"closed","ping_status":"open","sticky":false,"template":"","format":"standard","meta":{"footnotes":""},"categories":[8],"tags":[],"views":1999,"_links":{"self":[{"href":"http:\/\/www.cgt-hopital-manosque.fr\/index.php?rest_route=\/wp\/v2\/posts\/2042"}],"collection":[{"href":"http:\/\/www.cgt-hopital-manosque.fr\/index.php?rest_route=\/wp\/v2\/posts"}],"about":[{"href":"http:\/\/www.cgt-hopital-manosque.fr\/index.php?rest_route=\/wp\/v2\/types\/post"}],"author":[{"embeddable":true,"href":"http:\/\/www.cgt-hopital-manosque.fr\/index.php?rest_route=\/wp\/v2\/users\/1"}],"replies":[{"embeddable":true,"href":"http:\/\/www.cgt-hopital-manosque.fr\/index.php?rest_route=%2Fwp%2Fv2%2Fcomments&post=2042"}],"version-history":[{"count":5,"href":"http:\/\/www.cgt-hopital-manosque.fr\/index.php?rest_route=\/wp\/v2\/posts\/2042\/revisions"}],"predecessor-version":[{"id":2060,"href":"http:\/\/www.cgt-hopital-manosque.fr\/index.php?rest_route=\/wp\/v2\/posts\/2042\/revisions\/2060"}],"wp:attachment":[{"href":"http:\/\/www.cgt-hopital-manosque.fr\/index.php?rest_route=%2Fwp%2Fv2%2Fmedia&parent=2042"}],"wp:term":[{"taxonomy":"category","embeddable":true,"href":"http:\/\/www.cgt-hopital-manosque.fr\/index.php?rest_route=%2Fwp%2Fv2%2Fcategories&post=2042"},{"taxonomy":"post_tag","embeddable":true,"href":"http:\/\/www.cgt-hopital-manosque.fr\/index.php?rest_route=%2Fwp%2Fv2%2Ftags&post=2042"}],"curies":[{"name":"wp","href":"https:\/\/api.w.org\/{rel}","templated":true}]}}