{"id":2049,"date":"2013-12-18T12:22:02","date_gmt":"2013-12-18T12:22:02","guid":{"rendered":"http:\/\/www.cgt-hopital-manosque.fr\/?p=2049"},"modified":"2015-01-25T12:52:13","modified_gmt":"2015-01-25T12:52:13","slug":"18-decembre-2013-sages-femmes-appel-a-la-mobilisation","status":"publish","type":"post","link":"http:\/\/www.cgt-hopital-manosque.fr\/?p=2049","title":{"rendered":"18 d\u00e9cembre 2013 &#8211; Sages-femmes : Appel \u00e0 la mobilisation"},"content":{"rendered":"<p style= \"text-align: justify;\">Le vendredi 20 d\u00e9cembre 2013, la Ministre des Affaires Sociales et de la Sant\u00e9 Marisol Touraine annoncera sa d\u00e9cision de maintenir ou non les sages-femmes dans la Fonction Publique Hospitali\u00e8re.<\/p>\n<p style= \"text-align: justify;\">Il est urgent et imp\u00e9ratif qu\u2019une mobilisation massive de tous les syndicats et militants se mette en place pour peser dans ce choix crucial pour la Fonction Publique Hospitali\u00e8re, pour les sages-femmes et pour le service public.<\/p>\n<p style= \"text-align: justify;\">Des actions et des diffusions de courrier au gouvernement seront r\u00e9alis\u00e9es d&rsquo;ici vendredi.<\/p>\n","protected":false},"excerpt":{"rendered":"<p>Le vendredi 20 d\u00e9cembre 2013, la Ministre des Affaires Sociales et de la Sant\u00e9 Marisol Touraine annoncera sa d\u00e9cision de maintenir ou non les sages-femmes dans la Fonction Publique Hospitali\u00e8re. Il est urgent et imp\u00e9ratif qu\u2019une mobilisation massive de tous les syndicats et militants se mette en place pour peser dans ce choix crucial pour [&hellip;]<\/p>\n","protected":false},"author":1,"featured_media":0,"comment_status":"closed","ping_status":"open","sticky":false,"template":"","format":"standard","meta":{"footnotes":""},"categories":[7],"tags":[],"views":2468,"_links":{"self":[{"href":"http:\/\/www.cgt-hopital-manosque.fr\/index.php?rest_route=\/wp\/v2\/posts\/2049"}],"collection":[{"href":"http:\/\/www.cgt-hopital-manosque.fr\/index.php?rest_route=\/wp\/v2\/posts"}],"about":[{"href":"http:\/\/www.cgt-hopital-manosque.fr\/index.php?rest_route=\/wp\/v2\/types\/post"}],"author":[{"embeddable":true,"href":"http:\/\/www.cgt-hopital-manosque.fr\/index.php?rest_route=\/wp\/v2\/users\/1"}],"replies":[{"embeddable":true,"href":"http:\/\/www.cgt-hopital-manosque.fr\/index.php?rest_route=%2Fwp%2Fv2%2Fcomments&post=2049"}],"version-history":[{"count":2,"href":"http:\/\/www.cgt-hopital-manosque.fr\/index.php?rest_route=\/wp\/v2\/posts\/2049\/revisions"}],"predecessor-version":[{"id":2054,"href":"http:\/\/www.cgt-hopital-manosque.fr\/index.php?rest_route=\/wp\/v2\/posts\/2049\/revisions\/2054"}],"wp:attachment":[{"href":"http:\/\/www.cgt-hopital-manosque.fr\/index.php?rest_route=%2Fwp%2Fv2%2Fmedia&parent=2049"}],"wp:term":[{"taxonomy":"category","embeddable":true,"href":"http:\/\/www.cgt-hopital-manosque.fr\/index.php?rest_route=%2Fwp%2Fv2%2Fcategories&post=2049"},{"taxonomy":"post_tag","embeddable":true,"href":"http:\/\/www.cgt-hopital-manosque.fr\/index.php?rest_route=%2Fwp%2Fv2%2Ftags&post=2049"}],"curies":[{"name":"wp","href":"https:\/\/api.w.org\/{rel}","templated":true}]}}