{"id":2080,"date":"2013-12-26T19:29:33","date_gmt":"2013-12-26T19:29:33","guid":{"rendered":"http:\/\/www.cgt-hopital-manosque.fr\/?p=2080"},"modified":"2015-01-25T12:52:12","modified_gmt":"2015-01-25T12:52:12","slug":"27-decembre-2013-meme-gratuits-les-ordres-je-nen-veux-pas","status":"publish","type":"post","link":"http:\/\/www.cgt-hopital-manosque.fr\/?p=2080","title":{"rendered":"27 d\u00e9cembre 2013 &#8211; M\u00eame gratuits, les Ordres, je n&rsquo;en veux pas !"},"content":{"rendered":"<p style= \"text-align: justify;\">La bataille contre les ordres professionnels est un des combats que m\u00e8ne la CGT depuis leur apparition. Il n&rsquo;est pas question de baisser la garde, bien au contraire, notamment face \u00e0 l\u2019absence de d\u00e9cisions gouvernementales. <\/p>\n<p style= \"text-align: justify;\">Notre positionnement clair et constant depuis des ann\u00e9es doit \u00eatre largement connu. Pas question non plus de laisser les soutiens de la derni\u00e8re heure appara\u00eetre comme les d\u00e9fenseurs de la cause. <\/p>\n<p style= \"text-align: justify;\">Oui, la CGT est l&rsquo;organisation syndicale qui s&rsquo;est toujours positionn\u00e9e contre les Ordres professionnels, a clairement agi contre, a concr\u00e8tement contribu\u00e9 au rassemblement indispensable de toutes les organisations syndicales pour imposer la disparition des Ordres professionnels et dans un premier temps leur caract\u00e8re uniquement volontaire et non obligatoire pour les salari\u00e9-e-s. <\/p>\n<p style= \"text-align: justify;\">A ce jour, de nombreux syndicats demandent des \u00e9claircissements concernant l\u2019inscription \u00e0 un Ordre professionnel. L&rsquo;adh\u00e9sion \u00e0 l&rsquo;Ordre des masseurs kin\u00e9sith\u00e9rapeutes, p\u00e9dicures-podologues et infirmier-es est obligatoire selon le Code de la Sant\u00e9 Publique, mais : <\/p>\n<p style= \"text-align: justify;\">&#8211; L&rsquo;article 63 de la loi HPST pr\u00e9voyait une inscription automatique. Cet article n&rsquo;a pas trouv\u00e9 de d\u00e9cret d&rsquo;application sur les modalit\u00e9s d&rsquo;inscription depuis 2009 et un statut quo de la situation ant\u00e9rieure \u00e0 la loi s&rsquo;est install\u00e9. Ainsi, les salari\u00e9-es ne peuvent adh\u00e9rer que s&rsquo;ils sont volontaires, d&rsquo;o\u00f9 les pressions subies. <\/p>\n<p style= \"text-align: justify;\">&#8211; Le minist\u00e8re est frileux \u00e0 se positionner de mani\u00e8re claire et forte car il semble que des pressions de la part de l&rsquo;Ordre des m\u00e9decins fassent tanguer la ministre sur ses positions.<br \/>\nL\u2019intersyndicale r\u00e9unie depuis bient\u00f4t 8 ans a \u00e9t\u00e9 re\u00e7ue par le groupe de travail de parlementaires socialistes en mars 2013. La ministre tarde \u00e0 communiquer les conclusions du rapport, laissant les mains libres aux Ordres, particuli\u00e8rement \u00e0 l\u2019Ordre des infirmier-e-s sur les intimidations multiples pour peser sur l\u2019obligation d\u2019inscription. <\/p>\n<p style= \"text-align: justify;\">Les autres organisations syndicales en campagne \u00e9lectorale commencent \u00e0 communiquer sur le sujet pour essayer de r\u00e9cup\u00e9rer cette profession difficile \u00e0 mobiliser. <\/p>\n<p style= \"text-align: justify;\">Au Salon Infirmier 2013, le stand CGT a vu de nombreux jeunes dipl\u00f4m\u00e9-e-s venir s\u2019informer. Nous les avons aid\u00e9-e-s \u00e0 argumenter le refus d\u2019adh\u00e9sion \u00e0 l\u2019Ordre et avons rappel\u00e9 les propos de la ministre : \u00ab le refus individuel d\u2019inscription \u00e0 l&rsquo;Ordre professionnel ne doit pas entraver le recrutement par un employeur. \u00bb <\/p>\n<p style= \"text-align: justify;\">En revanche, les conseils d\u00e9partementaux de l\u2019Ordre des kin\u00e9s poursuivent petit \u00e0 petit leurs injonctions \/intimidations avec envoi d\u2019huissiers pour gagner les salari\u00e9-e-s non inscrits ou faire payer les inscrits non cotisants&#8230; <\/p>\n","protected":false},"excerpt":{"rendered":"<p>La bataille contre les ordres professionnels est un des combats que m\u00e8ne la CGT depuis leur apparition. Il n&rsquo;est pas question de baisser la garde, bien au contraire, notamment face \u00e0 l\u2019absence de d\u00e9cisions gouvernementales. Notre positionnement clair et constant depuis des ann\u00e9es doit \u00eatre largement connu. Pas question non plus de laisser les soutiens [&hellip;]<\/p>\n","protected":false},"author":1,"featured_media":0,"comment_status":"closed","ping_status":"open","sticky":false,"template":"","format":"standard","meta":{"footnotes":""},"categories":[7],"tags":[],"views":2031,"_links":{"self":[{"href":"http:\/\/www.cgt-hopital-manosque.fr\/index.php?rest_route=\/wp\/v2\/posts\/2080"}],"collection":[{"href":"http:\/\/www.cgt-hopital-manosque.fr\/index.php?rest_route=\/wp\/v2\/posts"}],"about":[{"href":"http:\/\/www.cgt-hopital-manosque.fr\/index.php?rest_route=\/wp\/v2\/types\/post"}],"author":[{"embeddable":true,"href":"http:\/\/www.cgt-hopital-manosque.fr\/index.php?rest_route=\/wp\/v2\/users\/1"}],"replies":[{"embeddable":true,"href":"http:\/\/www.cgt-hopital-manosque.fr\/index.php?rest_route=%2Fwp%2Fv2%2Fcomments&post=2080"}],"version-history":[{"count":3,"href":"http:\/\/www.cgt-hopital-manosque.fr\/index.php?rest_route=\/wp\/v2\/posts\/2080\/revisions"}],"predecessor-version":[{"id":2083,"href":"http:\/\/www.cgt-hopital-manosque.fr\/index.php?rest_route=\/wp\/v2\/posts\/2080\/revisions\/2083"}],"wp:attachment":[{"href":"http:\/\/www.cgt-hopital-manosque.fr\/index.php?rest_route=%2Fwp%2Fv2%2Fmedia&parent=2080"}],"wp:term":[{"taxonomy":"category","embeddable":true,"href":"http:\/\/www.cgt-hopital-manosque.fr\/index.php?rest_route=%2Fwp%2Fv2%2Fcategories&post=2080"},{"taxonomy":"post_tag","embeddable":true,"href":"http:\/\/www.cgt-hopital-manosque.fr\/index.php?rest_route=%2Fwp%2Fv2%2Ftags&post=2080"}],"curies":[{"name":"wp","href":"https:\/\/api.w.org\/{rel}","templated":true}]}}