{"id":2127,"date":"2014-01-09T19:30:55","date_gmt":"2014-01-09T19:30:55","guid":{"rendered":"http:\/\/www.cgt-hopital-manosque.fr\/?p=2127"},"modified":"2015-02-01T17:56:05","modified_gmt":"2015-02-01T17:56:05","slug":"10-janvier-2014-elections-professionnelles-du-4-decembre-2014-interview-de-jean-claude-ghennai","status":"publish","type":"post","link":"http:\/\/www.cgt-hopital-manosque.fr\/?p=2127","title":{"rendered":"10 janvier 2014 &#8211; Elections professionnelles du 4 d\u00e9cembre 2014 : Interview de Jean-Claude Ghennai"},"content":{"rendered":"<p><a href=\"http:\/\/www.cgt-hopital-manosque.fr\/wp-content\/uploads\/2014\/01\/320.-Interview-JCG-\u00e9lections-2014-OK-A-INSERER.jpg\"><img loading=\"lazy\" decoding=\"async\" src=\"http:\/\/www.cgt-hopital-manosque.fr\/wp-content\/uploads\/2014\/01\/320.-Interview-JCG-\u00e9lections-2014-OK-A-INSERER-225x300.jpg\" alt=\"\" width=\"225\" height=\"300\" class=\"aligncenter size-medium wp-image-2128\" srcset=\"http:\/\/www.cgt-hopital-manosque.fr\/wp-content\/uploads\/2014\/01\/320.-Interview-JCG-\u00e9lections-2014-OK-A-INSERER-225x300.jpg 225w, http:\/\/www.cgt-hopital-manosque.fr\/wp-content\/uploads\/2014\/01\/320.-Interview-JCG-\u00e9lections-2014-OK-A-INSERER.jpg 576w\" sizes=\"(max-width: 225px) 100vw, 225px\" \/><\/a><\/p>\n<p style= \"text-align: justify;\">Interview de Jean-Claude Ghenna\u00ef, secr\u00e9taire g\u00e9n\u00e9ral du syndicat CGT de l\u2019h\u00f4pital de Manosque et ses maisons de retraite. <\/p>\n<p style= \"text-align: justify;\"> <strong>1\/ C\u2019est le lancement officiel de la campagne \u00e9lectorale au sein de l\u2019\u00e9tablissement ? <\/strong><\/p>\n<p style= \"text-align: justify;\">Oui. C\u2019est le coup d\u2019envoi ! <\/p>\n<p style= \"text-align: justify;\">Les \u00e9lections professionnelles dans la fonction publique hospitali\u00e8re sont fix\u00e9es au 4 d\u00e9cembre 2014. <\/p>\n<p style= \"text-align: justify;\">Pour la premi\u00e8re fois, les trois fonctions publiques, Etat, territoriale et hospitali\u00e8re, voterons le m\u00eame jour. <\/p>\n<p style= \"text-align: justify;\">La loi du 10 juillet 2010 relative \u00e0 la r\u00e9novation du dialogue social et ses d\u00e9crets d\u2019application ont harmonis\u00e9 \u00e0 quatre ans la dur\u00e9e des mandats des instances de repr\u00e9sentation du personnel au sein de la fonction publique, conduisant \u00e0 organiser \u00e0 une date unique le renouvellement des mandats de ces instances. <\/p>\n<p style= \"text-align: justify;\">Cette harmonisation s\u2019est effectu\u00e9e en deux \u00e9tapes : la premi\u00e8re en 2011, regroupant les \u00e9lections au sein de la FPE et de la FPH ; la seconde pr\u00e9vue durant la premi\u00e8re quinzaine de d\u00e9cembre 2014 et incluant la FPT, ce qui constituera le premier renouvellement g\u00e9n\u00e9ral inter-fonctions publiques. <\/p>\n<p style= \"text-align: justify;\"> <strong>2\/ C\u2019est un moment fort pour le syndicat ? <\/strong><\/p>\n<p style= \"text-align: justify;\">Ce sera un moment important pour notre syndicat CGT de l&rsquo;h\u00f4pital de Manosque et ses maisons de retraite. <\/p>\n<p style= \"text-align: justify;\">Ce sera un moment important pour tous nos militants et adh\u00e9rents. <\/p>\n<p style= \"text-align: justify;\">Mais, c\u2019est \u00e9galement un moment fort pour l\u2019ensemble des salari\u00e9s et pour la d\u00e9mocratie sociale. <\/p>\n<p style= \"text-align: justify;\">C\u2019est \u00e0 partir de ces r\u00e9sultats que s\u2019exercera notre repr\u00e9sentativit\u00e9 dans les \u00e9tablissements publics : au niveau local, d\u00e9partemental, r\u00e9gional et national. <\/p>\n<p style= \"text-align: justify;\"> Plus la CGT sera forte, plus nous p\u00e8serons sur les d\u00e9cisions qui touchent \u00e0 la d\u00e9fense des revendications des personnels de l\u2019\u00e9tablissement. <\/p>\n<p style= \"text-align: justify;\">La CGT doit \u00eatre \u00e0 nouveau majoritaire dans toutes les instances, pour garantir et d\u00e9fendre les droits des agents hospitaliers. Des agents sui se sentent bien au travail : c&rsquo;est un meilleur service rendu aux patients. La qualit\u00e9 des conditions de travail est notre pr\u00e9occupation premi\u00e8re. <\/p>\n<p style= \"text-align: justify;\">Cette \u00e9lection fait partie de notre vie syndicale. <\/p>\n<p style= \"text-align: justify;\">La CGT sera au rendez vous !!!!!!!!! <\/p>\n<p style= \"text-align: justify;\">A nous de tout mettre en \u0153uvre pour renforcer la repr\u00e9sentation de la CGT. <\/p>\n<p style= \"text-align: justify;\">Plus les adh\u00e9rents et les sympathisants seront nombreux plus la CGT sera entendue et l\u00e9gitime face \u00e0 notre employeur\u2026 <\/p>\n<p style= \"text-align: justify;\">N&rsquo;h\u00e9sitez pas \u00e0 nous rejoindre, \u00e0 nous soutenir ou \u00e0 nous contacter !!! Et bien sur \u00e0 voter utile!!! <\/p>\n","protected":false},"excerpt":{"rendered":"<p>Interview de Jean-Claude Ghenna\u00ef, secr\u00e9taire g\u00e9n\u00e9ral du syndicat CGT de l\u2019h\u00f4pital de Manosque et ses maisons de retraite. 1\/ C\u2019est le lancement officiel de la campagne \u00e9lectorale au sein de l\u2019\u00e9tablissement ? Oui. C\u2019est le coup d\u2019envoi ! Les \u00e9lections professionnelles dans la fonction publique hospitali\u00e8re sont fix\u00e9es au 4 d\u00e9cembre 2014. Pour la premi\u00e8re [&hellip;]<\/p>\n","protected":false},"author":1,"featured_media":0,"comment_status":"closed","ping_status":"open","sticky":false,"template":"","format":"standard","meta":{"footnotes":""},"categories":[7],"tags":[],"views":3398,"_links":{"self":[{"href":"http:\/\/www.cgt-hopital-manosque.fr\/index.php?rest_route=\/wp\/v2\/posts\/2127"}],"collection":[{"href":"http:\/\/www.cgt-hopital-manosque.fr\/index.php?rest_route=\/wp\/v2\/posts"}],"about":[{"href":"http:\/\/www.cgt-hopital-manosque.fr\/index.php?rest_route=\/wp\/v2\/types\/post"}],"author":[{"embeddable":true,"href":"http:\/\/www.cgt-hopital-manosque.fr\/index.php?rest_route=\/wp\/v2\/users\/1"}],"replies":[{"embeddable":true,"href":"http:\/\/www.cgt-hopital-manosque.fr\/index.php?rest_route=%2Fwp%2Fv2%2Fcomments&post=2127"}],"version-history":[{"count":4,"href":"http:\/\/www.cgt-hopital-manosque.fr\/index.php?rest_route=\/wp\/v2\/posts\/2127\/revisions"}],"predecessor-version":[{"id":3074,"href":"http:\/\/www.cgt-hopital-manosque.fr\/index.php?rest_route=\/wp\/v2\/posts\/2127\/revisions\/3074"}],"wp:attachment":[{"href":"http:\/\/www.cgt-hopital-manosque.fr\/index.php?rest_route=%2Fwp%2Fv2%2Fmedia&parent=2127"}],"wp:term":[{"taxonomy":"category","embeddable":true,"href":"http:\/\/www.cgt-hopital-manosque.fr\/index.php?rest_route=%2Fwp%2Fv2%2Fcategories&post=2127"},{"taxonomy":"post_tag","embeddable":true,"href":"http:\/\/www.cgt-hopital-manosque.fr\/index.php?rest_route=%2Fwp%2Fv2%2Ftags&post=2127"}],"curies":[{"name":"wp","href":"https:\/\/api.w.org\/{rel}","templated":true}]}}