{"id":2211,"date":"2014-02-04T20:35:04","date_gmt":"2014-02-04T20:35:04","guid":{"rendered":"http:\/\/www.cgt-hopital-manosque.fr\/?p=2211"},"modified":"2015-01-25T12:51:47","modified_gmt":"2015-01-25T12:51:47","slug":"5-fevrier-2014-les-decrets-et-arretes-dapplication-des-nouvelles-grilles-indiciaires-pour-les-categories-b-et-c","status":"publish","type":"post","link":"http:\/\/www.cgt-hopital-manosque.fr\/?p=2211","title":{"rendered":"5 f\u00e9vrier 2014 &#8211; Les d\u00e9crets et arr\u00eat\u00e9s d&rsquo;application des nouvelles grilles indiciaires pour les cat\u00e9gories B et C"},"content":{"rendered":"<p style= \"text-align: justify;\">Les d\u00e9crets et arr\u00eat\u00e9s d&rsquo;application des nouvelles grilles indiciaires pour les cat\u00e9gories B et C, dans la fonction publique hospitali\u00e8re, sont enfin parus au Journal Officiel de ce matin.<\/p>\n<p style= \"text-align: justify;\">Cette aum\u00f4ne m\u00e9prisante l\u00e2ch\u00e9e par le Gouvernement aux cat\u00e9gories B et C ne rattrape en rien le gel du point d&rsquo;indice que subissent depuis 2009 les fonctionnaires. Pour autant la F\u00e9d\u00e9ration a d\u00fb insister fortement aupr\u00e8s du Minist\u00e8re de la sant\u00e9 pour que la publication des d\u00e9crets soit faite avant le 1er F\u00e9vrier.<\/p>\n<p style= \"text-align: justify;\">Pour exiger une v\u00e9ritable augmentation de salaire pour tous, la F\u00e9d\u00e9ration de la sant\u00e9 vous appelle \u00e0 participer massivement \u00e0 la  journ\u00e9e interprofessionnelle de gr\u00e8ves, d\u2019actions et de manifestations construite dans chaque \u00e9tablissement. La commission ex\u00e9cutive conf\u00e9d\u00e9rale appelle donc \u00e0 mettre \u00e0 disposition des salari\u00e9s l\u2019ensemble des \u00e9l\u00e9ments leur permettant de s\u2019inscrire dans cette journ\u00e9e d\u2019action du 6 f\u00e9vrier 2014. L\u2019\u00e9l\u00e9vation du rapport de forces et la capacit\u00e9 des salari\u00e9s \u00e0 imposer d\u2019autres choix passent par la r\u00e9ussite du 6 f\u00e9vrier 2014 ainsi que par le renforcement de la CGT <\/p>\n<p style= \"text-align: justify;\">\n* D\u00e9cret n\u00b0 2014-71 du 29 janvier 2014 modifiant divers d\u00e9crets relatifs aux carri\u00e8res des fonctionnaires des cat\u00e9gories C et B de la fonction publique hospitali\u00e8re  :  <strong><a href=\" http:\/\/www.legifrance.gouv.fr\/affichTexte.do?cidTexte=JORFTEXT000028539091&#038;dateTexte=&#038;categorieLien=id\" title=\"CLIQUER ICI\" target=\"_blank\">CLIQUER ICI<\/a><\/strong><\/p>\n<p style= \"text-align: justify;\">\n* D\u00e9cret n\u00b0 2014-72 du 29 janvier 2014 modifiant le d\u00e9cret n\u00b0 2006-228 du 24 f\u00e9vrier 2006 instituant diff\u00e9rentes \u00e9chelles de r\u00e9mun\u00e9ration pour les fonctionnaires hospitaliers de cat\u00e9gorie C et modifiant divers d\u00e9crets relatifs au classement indiciaire de corps de la cat\u00e9gorie B de la fonction publique hospitali\u00e8re  :  <strong><a href=\"http:\/\/www.legifrance.gouv.fr\/affichTexte.do?cidTexte=JORFTEXT000028539143&#038;dateTexte=&#038;categorieLien=id\" title=\"CLIQUER ICI\" target=\"_blank\">CLIQUER ICI<\/a><\/strong><\/p>\n<p style= \"text-align: justify;\">\n* Arr\u00eat\u00e9 du 29 janvier 2014 fixant l&rsquo;\u00e9chelonnement indiciaire applicable  aux fonctionnaires hospitaliers de la cat\u00e9gorie C  :  <strong><a href=\"http:\/\/www.legifrance.gouv.fr\/affichTexte.do?cidTexte=JORFTEXT000028539209&#038;dateTexte=&#038;categorieLien=id\" title=\"CLIQUER ICI\" target=\"_blank\">CLIQUER ICI<\/a><\/strong><\/p>\n<p style= \"text-align: justify;\">\n* Arr\u00eat\u00e9 du 29 janvier 2014 modifiant l&rsquo;arr\u00eat\u00e9 du 14 juin 2011 relatif \u00e0 l&rsquo;\u00e9chelonnement indiciaire des personnels administratifs de la cat\u00e9gorie B de la fonction publique hospitali\u00e8re, l&rsquo;arr\u00eat\u00e9 du 27 juin 2011 relatif \u00e0 l&rsquo;\u00e9chelonnement indiciaire du corps des techniciens et techniciens sup\u00e9rieurs hospitaliers et l&rsquo;arr\u00eat\u00e9 du 23 janvier 2012 relatif \u00e0 l&rsquo;\u00e9chelonnement indiciaire du corps des techniciens et techniciens sup\u00e9rieurs hospitaliers de l&rsquo;Assistance publique-h\u00f4pitaux de Paris  :  <strong><a href=\"http:\/\/www.legifrance.gouv.fr\/affichTexte.do?cidTexte=JORFTEXT000028539223&#038;dateTexte=&#038;categorieLien=id\" title=\"CLIQUER ICI\" target=\"_blank\">CLIQUER ICI<\/a><\/strong><\/p>\n","protected":false},"excerpt":{"rendered":"<p>Les d\u00e9crets et arr\u00eat\u00e9s d&rsquo;application des nouvelles grilles indiciaires pour les cat\u00e9gories B et C, dans la fonction publique hospitali\u00e8re, sont enfin parus au Journal Officiel de ce matin. Cette aum\u00f4ne m\u00e9prisante l\u00e2ch\u00e9e par le Gouvernement aux cat\u00e9gories B et C ne rattrape en rien le gel du point d&rsquo;indice que subissent depuis 2009 les [&hellip;]<\/p>\n","protected":false},"author":1,"featured_media":0,"comment_status":"closed","ping_status":"open","sticky":false,"template":"","format":"standard","meta":{"footnotes":""},"categories":[8,5],"tags":[],"views":2547,"_links":{"self":[{"href":"http:\/\/www.cgt-hopital-manosque.fr\/index.php?rest_route=\/wp\/v2\/posts\/2211"}],"collection":[{"href":"http:\/\/www.cgt-hopital-manosque.fr\/index.php?rest_route=\/wp\/v2\/posts"}],"about":[{"href":"http:\/\/www.cgt-hopital-manosque.fr\/index.php?rest_route=\/wp\/v2\/types\/post"}],"author":[{"embeddable":true,"href":"http:\/\/www.cgt-hopital-manosque.fr\/index.php?rest_route=\/wp\/v2\/users\/1"}],"replies":[{"embeddable":true,"href":"http:\/\/www.cgt-hopital-manosque.fr\/index.php?rest_route=%2Fwp%2Fv2%2Fcomments&post=2211"}],"version-history":[{"count":2,"href":"http:\/\/www.cgt-hopital-manosque.fr\/index.php?rest_route=\/wp\/v2\/posts\/2211\/revisions"}],"predecessor-version":[{"id":3073,"href":"http:\/\/www.cgt-hopital-manosque.fr\/index.php?rest_route=\/wp\/v2\/posts\/2211\/revisions\/3073"}],"wp:attachment":[{"href":"http:\/\/www.cgt-hopital-manosque.fr\/index.php?rest_route=%2Fwp%2Fv2%2Fmedia&parent=2211"}],"wp:term":[{"taxonomy":"category","embeddable":true,"href":"http:\/\/www.cgt-hopital-manosque.fr\/index.php?rest_route=%2Fwp%2Fv2%2Fcategories&post=2211"},{"taxonomy":"post_tag","embeddable":true,"href":"http:\/\/www.cgt-hopital-manosque.fr\/index.php?rest_route=%2Fwp%2Fv2%2Ftags&post=2211"}],"curies":[{"name":"wp","href":"https:\/\/api.w.org\/{rel}","templated":true}]}}