{"id":2213,"date":"2014-02-05T19:40:25","date_gmt":"2014-02-05T19:40:25","guid":{"rendered":"http:\/\/www.cgt-hopital-manosque.fr\/?p=2213"},"modified":"2015-01-25T12:51:47","modified_gmt":"2015-01-25T12:51:47","slug":"6-fevrier-2014-interview-de-jean-francois-pellarey-president-du-collectif-pour-une-rea-a-manosque","status":"publish","type":"post","link":"http:\/\/www.cgt-hopital-manosque.fr\/?p=2213","title":{"rendered":"6 f\u00e9vrier 2014 &#8211; Interview  de Jean-Fran\u00e7ois Pellarey, Pr\u00e9sident du collectif \u00ab\u00a0Pour une r\u00e9a \u00e0 Manosque\u00a0\u00bb."},"content":{"rendered":"<p><a href=\"http:\/\/www.cgt-hopital-manosque.fr\/wp-content\/uploads\/2014\/02\/341.-Interview-de-Jean-Fran\u00e7ois-Pellarey-Pr\u00e9sident-du-collectif-Pour-une-r\u00e9a-\u00e0-Manosque-OK-A-INSERER.jpg\"><img loading=\"lazy\" decoding=\"async\" src=\"http:\/\/www.cgt-hopital-manosque.fr\/wp-content\/uploads\/2014\/02\/341.-Interview-de-Jean-Fran\u00e7ois-Pellarey-Pr\u00e9sident-du-collectif-Pour-une-r\u00e9a-\u00e0-Manosque-OK-A-INSERER.jpg\" alt=\"\" width=\"680\" height=\"250\" class=\"aligncenter size-full wp-image-2214\" srcset=\"http:\/\/www.cgt-hopital-manosque.fr\/wp-content\/uploads\/2014\/02\/341.-Interview-de-Jean-Fran\u00e7ois-Pellarey-Pr\u00e9sident-du-collectif-Pour-une-r\u00e9a-\u00e0-Manosque-OK-A-INSERER.jpg 680w, http:\/\/www.cgt-hopital-manosque.fr\/wp-content\/uploads\/2014\/02\/341.-Interview-de-Jean-Fran\u00e7ois-Pellarey-Pr\u00e9sident-du-collectif-Pour-une-r\u00e9a-\u00e0-Manosque-OK-A-INSERER-300x110.jpg 300w\" sizes=\"(max-width: 680px) 100vw, 680px\" \/><\/a><\/p>\n<p style= \"text-align: justify;\">Sans la R\u00e9animation \u00e0 Manoque, on perd 20 vies par an.<br \/>\n(Chiffre bas\u00e9 sur la m\u00e9thodologie de l&rsquo;\u00e9tude men\u00e9e, sous l&rsquo;\u00e9gide du minist\u00e8re de la sant\u00e9, par le CHU de Poitiers, dont les r\u00e9sultats sont parus en f\u00e9vrier 2012). <\/p>\n<p style= \"text-align: justify;\">Les repr\u00e9sentants de l&rsquo;Etat, les parlementaires et l&rsquo;ARS sont au courant de ces chiffres mais essaient de les camoufler. Il est insupportable qu&rsquo;il ne soit pas d\u00e9cid\u00e9 politiquement d&rsquo;ouvrir ce service de r\u00e9animation pour mettre un terme \u00e0 ces 20 vies de perte annuelle entre le d\u00e9partement du 04 et le haut Var. <\/p>\n<p style= \"text-align: justify;\">Cependant les \u00e9quipes pluridisciplinaires m\u00e9dicales et param\u00e9dicales d\u00e9ploient tous les moyens pour r\u00e9pondre \u00e0 ces pathologies n\u00e9cessitant une r\u00e9animation avant l\u2019\u00e9vacuation des patients dans le 13. D\u00e9partement limitrophe dont les places sont \u00e9galement limit\u00e9es,  donc fr\u00e9quemment  satur\u00e9es. <\/p>\n<p style= \"text-align: justify;\">La r\u00e9animation pour un h\u00f4pital est quelque chose d&rsquo;assez essentiel pour son d\u00e9veloppement et son attractivit\u00e9. Non seulement pour les patients du 04 et du Haut Var, qui \u00e9viteront d&rsquo;aller sur des h\u00f4pitaux \u00e0 Marseille ou \u00e0 Aix en Provence et de creuser la fuite vers les grands centres hospitaliers. Mais \u00e9galement attractif pour faire venir d&rsquo;excellents professionnels, jeunes, dans des nouveaux secteurs, qui jusqu&rsquo;\u00e0 maintenant ne pouvaient pas \u00eatre pris en charge par l&rsquo;h\u00f4pital de Manosque parce qu&rsquo;il n&rsquo;y avait pas de r\u00e9animation. S&rsquo;il y a des gestes techniques qu&rsquo;on ne peut pas r\u00e9aliser faute de r\u00e9animation, des pontes de Marseille ou ailleurs viennent faire leurs courses sur l&rsquo;h\u00f4pital de Manosque, pour rapatrier des patients du 04 ou du Haut Var et les op\u00e9rer dans les h\u00f4pitaux de Marseille par exemple. <\/p>\n<p style= \"text-align: justify;\">Un autre point important, c&rsquo;est l&rsquo;am\u00e9nagement du territoire. A partir du moment o\u00f9 il y a un service utile aux populations qui s&rsquo;ouvre, \u00e9videmment on emp\u00eache la d\u00e9sertification, on emp\u00eache l&rsquo;exode rural des populations, et on permet d&rsquo;attirer des entreprises, des services, des activit\u00e9s sur le d\u00e9partement, parce qu&rsquo;on r\u00e9pond \u00e0 une pr\u00e9occupation majeure des fran\u00e7ais, c&rsquo;est l&rsquo;acc\u00e8s \u00e0 des soins et \u00e0 une sant\u00e9 de qualit\u00e9. <\/p>\n<p style= \"text-align: justify;\">Ensuite, il y a quand m\u00eame ITER qui s&rsquo;installe en PACA avec 4000 salari\u00e9s qui vont arriver d&rsquo;ici quelques mois, avec l&rsquo;h\u00f4pital de Manosque qui est l&rsquo;h\u00f4pital r\u00e9f\u00e9rent de ce site, et qui n&rsquo;a pas de service de r\u00e9animation alors qu&rsquo;on en a besoin. On s&rsquo;est aper\u00e7u que dans tous les endroits o\u00f9 on mettait en place des chantiers de cette importance, il fallait une r\u00e9animation : c&rsquo;est l&rsquo;un des plus gros chantiers de la Plan\u00e8te. On va accro\u00eetre les populations et les risques puisqu&rsquo;on va se retrouver avec des salari\u00e9s originaires des quatre coins de la plan\u00e8te avec des pathologies qu&rsquo;on ne rencontre pas forc\u00e9ment dans notre d\u00e9partement. Avec un chantier de cette importance et les centaines de tonnes que vont repr\u00e9senter tous les mat\u00e9riaux, transport\u00e9s avec les risques d&rsquo;accident du travail qu&rsquo;il pourra y avoir, sans parler de l&rsquo;accident nucl\u00e9aire qui est encore une autre dimension. En tout \u00e9tat de cause, il est \u00e9vident aujourd&rsquo;hui que c&rsquo;est \u00eatre totalement irresponsable de ne pas envisager d&rsquo;avoir un service de r\u00e9animation au regard de ce que va repr\u00e9senter ce chantier. <\/p>\n<p style= \"text-align: justify;\">D&rsquo;ailleurs, le pr\u00e9c\u00e9dent directeur g\u00e9n\u00e9ral d&rsquo;ITER international, Monsieur IKEDA avait bien senti le probl\u00e8me et avait \u00e9crit en 2009 au Premier Ministre et \u00e0 la Ministre de la Sant\u00e9 sur ce probl\u00e8me l\u00e0, en esp\u00e9rant que le service de ranimation viendrait \u00e0 l&rsquo;h\u00f4pital de Manosque. <\/p>\n<p style= \"text-align: justify;\">Il faut rappeler enfin que sur le projet m\u00e9dical d&rsquo;\u00e9tablissement qui se finissait en 2013, l&rsquo;h\u00f4pital de Manosque avec son Conseil d&rsquo;Administration, sa Commission M\u00e9dicale d&rsquo;Etablissement, et toutes les structures de l&rsquo;h\u00f4pital, avait demand\u00e9 un service de r\u00e9animation. <\/p>\n<p style= \"text-align: justify;\">Enfin, \u00e0 titre de comparaison, et sans mettre de la hi\u00e9rarchie sur les d\u00e9g\u00e2ts que cela cause dans les familles, il y a plus de d\u00e9c\u00e8s dans le 04 et le haut var li\u00e9s au manque de r\u00e9animation que li\u00e9s aux accidents sur les routes. Les derniers chiffres officiels datant de 2012 font \u00e9tat de 19 morts. Nous  ne disons pas  qu&rsquo;il faut prioriser l&rsquo;un par rapport \u00e0 l&rsquo;autre, parce qu&rsquo;il y en a un qui est plus important que l&rsquo;autre. Nous demandons l\u2019\u00e9radication  de  ces chiffres dans les deux secteurs, aussi bien la s\u00e9curit\u00e9 routi\u00e8re que la s\u00e9curit\u00e9 sanitaire et la sant\u00e9 des citoyens. On exige \u00e0 un moment donn\u00e9 que l&rsquo;attention de l&rsquo;Etat soit aussi importante et affut\u00e9e sur les probl\u00e8mes li\u00e9s au manque de r\u00e9animation que sur ceux de la s\u00e9curit\u00e9 routi\u00e8re. Par exemple, une Pr\u00e9f\u00e8te sensibilis\u00e9e tous les week-ends sur la s\u00e9curit\u00e9 routi\u00e8re  avec des contr\u00f4les radar sur la vitesse et sur le  taux d&rsquo;alcool\u00e9mie, pourrait \u00e9galement se pr\u00e9occuper des 20 d\u00e9c\u00e8s li\u00e9s au manque de r\u00e9animation. <\/p>\n","protected":false},"excerpt":{"rendered":"<p>Sans la R\u00e9animation \u00e0 Manoque, on perd 20 vies par an. (Chiffre bas\u00e9 sur la m\u00e9thodologie de l&rsquo;\u00e9tude men\u00e9e, sous l&rsquo;\u00e9gide du minist\u00e8re de la sant\u00e9, par le CHU de Poitiers, dont les r\u00e9sultats sont parus en f\u00e9vrier 2012). Les repr\u00e9sentants de l&rsquo;Etat, les parlementaires et l&rsquo;ARS sont au courant de ces chiffres mais essaient [&hellip;]<\/p>\n","protected":false},"author":1,"featured_media":0,"comment_status":"closed","ping_status":"open","sticky":false,"template":"","format":"standard","meta":{"footnotes":""},"categories":[7],"tags":[],"views":2491,"_links":{"self":[{"href":"http:\/\/www.cgt-hopital-manosque.fr\/index.php?rest_route=\/wp\/v2\/posts\/2213"}],"collection":[{"href":"http:\/\/www.cgt-hopital-manosque.fr\/index.php?rest_route=\/wp\/v2\/posts"}],"about":[{"href":"http:\/\/www.cgt-hopital-manosque.fr\/index.php?rest_route=\/wp\/v2\/types\/post"}],"author":[{"embeddable":true,"href":"http:\/\/www.cgt-hopital-manosque.fr\/index.php?rest_route=\/wp\/v2\/users\/1"}],"replies":[{"embeddable":true,"href":"http:\/\/www.cgt-hopital-manosque.fr\/index.php?rest_route=%2Fwp%2Fv2%2Fcomments&post=2213"}],"version-history":[{"count":5,"href":"http:\/\/www.cgt-hopital-manosque.fr\/index.php?rest_route=\/wp\/v2\/posts\/2213\/revisions"}],"predecessor-version":[{"id":2219,"href":"http:\/\/www.cgt-hopital-manosque.fr\/index.php?rest_route=\/wp\/v2\/posts\/2213\/revisions\/2219"}],"wp:attachment":[{"href":"http:\/\/www.cgt-hopital-manosque.fr\/index.php?rest_route=%2Fwp%2Fv2%2Fmedia&parent=2213"}],"wp:term":[{"taxonomy":"category","embeddable":true,"href":"http:\/\/www.cgt-hopital-manosque.fr\/index.php?rest_route=%2Fwp%2Fv2%2Fcategories&post=2213"},{"taxonomy":"post_tag","embeddable":true,"href":"http:\/\/www.cgt-hopital-manosque.fr\/index.php?rest_route=%2Fwp%2Fv2%2Ftags&post=2213"}],"curies":[{"name":"wp","href":"https:\/\/api.w.org\/{rel}","templated":true}]}}