{"id":2220,"date":"2014-02-09T19:43:25","date_gmt":"2014-02-09T19:43:25","guid":{"rendered":"http:\/\/www.cgt-hopital-manosque.fr\/?p=2220"},"modified":"2015-02-01T18:33:20","modified_gmt":"2015-02-01T18:33:20","slug":"10-fevrier-2014-il-faut-que-la-discrimination-cesse-a-lhopital-de-manosque","status":"publish","type":"post","link":"http:\/\/www.cgt-hopital-manosque.fr\/?p=2220","title":{"rendered":"10 f\u00e9vrier 2014 &#8211; Il faut que la discrimination cesse \u00e0 l&rsquo;h\u00f4pital de Manosque"},"content":{"rendered":"<p style= \"text-align: justify;\">Les femmes sont toujours discrimin\u00e9es durant la p\u00e9riode de cong\u00e9s maternit\u00e9. Une rencontre avec le Maire a eu lieu \u00e0 ce sujet cette semaine, ainsi que trois articles de presse publi\u00e9s. <\/p>\n<p style= \"text-align: justify;\">\n* Pour consulter l&rsquo;article de \u00ab\u00a0La Marseillaise\u00a0\u00bb,  CLIQUER DESSOUS <a href=\"http:\/\/www.cgt-hopital-manosque.fr\/wp-content\/uploads\/2014\/02\/344.-Il-faut-que-la-discrimination-cesse-\u00e0-lh\u00f4pital-de-Manosque-2.jpg\"><img loading=\"lazy\" decoding=\"async\" src=\"http:\/\/www.cgt-hopital-manosque.fr\/wp-content\/uploads\/2014\/02\/344.-Il-faut-que-la-discrimination-cesse-\u00e0-lh\u00f4pital-de-Manosque-2-300x218.jpg\" alt=\"CLIQUER ICI\" width=\"300\" height=\"218\" class=\"aligncenter size-medium wp-image-2222\" srcset=\"http:\/\/www.cgt-hopital-manosque.fr\/wp-content\/uploads\/2014\/02\/344.-Il-faut-que-la-discrimination-cesse-\u00e0-lh\u00f4pital-de-Manosque-2-300x218.jpg 300w, http:\/\/www.cgt-hopital-manosque.fr\/wp-content\/uploads\/2014\/02\/344.-Il-faut-que-la-discrimination-cesse-\u00e0-lh\u00f4pital-de-Manosque-2-1024x744.jpg 1024w\" sizes=\"(max-width: 300px) 100vw, 300px\" \/><\/a>\n <\/p>\n<p style= \"text-align: justify;\">\n* Pour lire l&rsquo;article de \u00ab\u00a0La Provence\u00a0\u00bb,  CLIQUER DESSOUS <a href=\"http:\/\/www.cgt-hopital-manosque.fr\/wp-content\/uploads\/2014\/02\/344.-Il-faut-que-la-discrimination-cesse-\u00e0-lh\u00f4pital-de-Manosque-1.jpg\"><img loading=\"lazy\" decoding=\"async\" src=\"http:\/\/www.cgt-hopital-manosque.fr\/wp-content\/uploads\/2014\/02\/344.-Il-faut-que-la-discrimination-cesse-\u00e0-lh\u00f4pital-de-Manosque-1-218x300.jpg\" alt=\"CLIQUER ICI\" width=\"218\" height=\"300\" class=\"aligncenter size-medium wp-image-2221\" srcset=\"http:\/\/www.cgt-hopital-manosque.fr\/wp-content\/uploads\/2014\/02\/344.-Il-faut-que-la-discrimination-cesse-\u00e0-lh\u00f4pital-de-Manosque-1-218x300.jpg 218w, http:\/\/www.cgt-hopital-manosque.fr\/wp-content\/uploads\/2014\/02\/344.-Il-faut-que-la-discrimination-cesse-\u00e0-lh\u00f4pital-de-Manosque-1-744x1024.jpg 744w\" sizes=\"(max-width: 218px) 100vw, 218px\" \/><\/a>\n <\/p>\n<p style= \"text-align: justify;\">\n* Pour lire l&rsquo;article de \u00ab\u00a0Haute Provence Info\u00a0\u00bb,  <strong><a href=\"http:\/\/www.hauteprovenceinfo.com\/article\/03\/02\/2014\/manosque--revendications-de-la-cgt--lhopital\/3785 \"CLIQUER ICI\" target=\"_blank\">CLIQUER ICI<\/a><\/strong>\n <\/p>\n","protected":false},"excerpt":{"rendered":"<p>Les femmes sont toujours discrimin\u00e9es durant la p\u00e9riode de cong\u00e9s maternit\u00e9. Une rencontre avec le Maire a eu lieu \u00e0 ce sujet cette semaine, ainsi que trois articles de presse publi\u00e9s. * Pour consulter l&rsquo;article de \u00ab\u00a0La Marseillaise\u00a0\u00bb, CLIQUER DESSOUS * Pour lire l&rsquo;article de \u00ab\u00a0La Provence\u00a0\u00bb, CLIQUER DESSOUS * Pour lire l&rsquo;article de \u00ab\u00a0Haute [&hellip;]<\/p>\n","protected":false},"author":1,"featured_media":0,"comment_status":"closed","ping_status":"open","sticky":false,"template":"","format":"standard","meta":{"footnotes":""},"categories":[7],"tags":[],"views":2665,"_links":{"self":[{"href":"http:\/\/www.cgt-hopital-manosque.fr\/index.php?rest_route=\/wp\/v2\/posts\/2220"}],"collection":[{"href":"http:\/\/www.cgt-hopital-manosque.fr\/index.php?rest_route=\/wp\/v2\/posts"}],"about":[{"href":"http:\/\/www.cgt-hopital-manosque.fr\/index.php?rest_route=\/wp\/v2\/types\/post"}],"author":[{"embeddable":true,"href":"http:\/\/www.cgt-hopital-manosque.fr\/index.php?rest_route=\/wp\/v2\/users\/1"}],"replies":[{"embeddable":true,"href":"http:\/\/www.cgt-hopital-manosque.fr\/index.php?rest_route=%2Fwp%2Fv2%2Fcomments&post=2220"}],"version-history":[{"count":4,"href":"http:\/\/www.cgt-hopital-manosque.fr\/index.php?rest_route=\/wp\/v2\/posts\/2220\/revisions"}],"predecessor-version":[{"id":2227,"href":"http:\/\/www.cgt-hopital-manosque.fr\/index.php?rest_route=\/wp\/v2\/posts\/2220\/revisions\/2227"}],"wp:attachment":[{"href":"http:\/\/www.cgt-hopital-manosque.fr\/index.php?rest_route=%2Fwp%2Fv2%2Fmedia&parent=2220"}],"wp:term":[{"taxonomy":"category","embeddable":true,"href":"http:\/\/www.cgt-hopital-manosque.fr\/index.php?rest_route=%2Fwp%2Fv2%2Fcategories&post=2220"},{"taxonomy":"post_tag","embeddable":true,"href":"http:\/\/www.cgt-hopital-manosque.fr\/index.php?rest_route=%2Fwp%2Fv2%2Ftags&post=2220"}],"curies":[{"name":"wp","href":"https:\/\/api.w.org\/{rel}","templated":true}]}}