{"id":2246,"date":"2014-02-17T07:20:57","date_gmt":"2014-02-17T07:20:57","guid":{"rendered":"http:\/\/www.cgt-hopital-manosque.fr\/?p=2246"},"modified":"2015-02-01T17:56:04","modified_gmt":"2015-02-01T17:56:04","slug":"17-janvier-2014-qui-peut-saisir-le-defenseur-des-droits-et-pourquoi","status":"publish","type":"post","link":"http:\/\/www.cgt-hopital-manosque.fr\/?p=2246","title":{"rendered":"17 f\u00e9vrier 2014 &#8211; Qui peut saisir le D\u00e9fenseur des droits et pourquoi ?"},"content":{"rendered":"<p style= \"text-align: justify;\">En France, le D\u00e9fenseur des droits est une autorit\u00e9 administrative ind\u00e9pendante, cr\u00e9\u00e9e par la r\u00e9vision constitutionnelle du 23 juillet 2008 et institu\u00e9e par la loi organique du 29 mars 2011. Nomm\u00e9 par le Pr\u00e9sident de la R\u00e9publique pour un mandat de six ans, le D\u00e9fenseur des droits est charg\u00e9 de d\u00e9fendre les droits des citoyens face aux administrations et dispose de pr\u00e9rogatives particuli\u00e8res en mati\u00e8re de promotion des droits de l\u2019enfant, de lutte contre les discriminations, du respect de la d\u00e9ontologie des activit\u00e9s de s\u00e9curit\u00e9. Le premier (et actuel) titulaire de la fonction est Dominique Baudis. <\/p>\n<p style= \"text-align: justify;\">Toute personne peut saisir directement et gratuitement le D\u00e9fenseur des droits : <\/p>\n<p style= \"text-align: justify;\">*d\u00e8s que vous vous estimez l\u00e9s\u00e9(e) dans vos droits et libert\u00e9s par le fonctionnement d\u2019un service public; <\/p>\n<p style= \"text-align: justify;\">*d\u00e8s que vous vous estimez victime d\u2019une discrimination, directe ou indirecte, prohib\u00e9e par la loi ou par un engagement international, que l\u2019auteur pr\u00e9sum\u00e9 de cette discrimination soit une personne priv\u00e9e ou publique ; <\/p>\n<p style= \"text-align: justify;\">*d\u00e8s que vous vous estimez victime ou t\u00e9moin, sur le territoire de la R\u00e9publique, de faits qui constituent un manquement \u00e0 la d\u00e9ontologie par des personnes exer\u00e7ant des activit\u00e9s de s\u00e9curit\u00e9 ; <\/p>\n<p style= \"text-align: justify;\">*d\u00e8s que vous consid\u00e9rez que les droits fondamentaux d\u2019un enfant ne sont pas respect\u00e9s, ou qu\u2019une situation met en cause son int\u00e9r\u00eat. Dans ces cas, les personnes habilit\u00e9es \u00e0 saisir le D\u00e9fenseur des droits sont : l\u2019enfant ou le mineur de moins de 18 ans, son repr\u00e9sentant l\u00e9gal, un membre de sa famille, un service m\u00e9dical ou social ou une association de d\u00e9fense des droits de l\u2019enfant. <\/p>\n<p style= \"text-align: justify;\">Le D\u00e9fenseur des droits et tous ses collaborateurs sont soumis au secret professionnel. <\/p>\n<p style= \"text-align: justify;\">Vous pouvez saisir le D\u00e9fenseur des droits en ligne en remplissant le formulaire de saisine sur le site internet :<br \/>\n<strong><a href=\"http:\/\/www.defenseurdesdroits.fr\/\"http:\/\/www.defenseurdesdroits.fr\/\" target=\"_blank\">http:\/\/www.defenseurdesdroits.fr\/<\/a><\/strong><\/p>\n<p style= \"text-align: justify;\">Vous pouvez \u00e9galement saisir le D\u00e9fenseur des droits par l\u2019interm\u00e9diaire de ses d\u00e9l\u00e9gu\u00e9s dans votre d\u00e9partement (voir sur le site internet, les coordonn\u00e9es des diff\u00e9rents d\u00e9l\u00e9gu\u00e9s). <\/p>\n<p style= \"text-align: justify;\">Vous pouvez enfin le saisir par courrier motiv\u00e9 :<br \/>\nLe D\u00e9fenseur des droits<br \/>\n7 rue Saint-Florentin<br \/>\n75409 Paris Cedex 08<br \/>\nVous devez joindre \u00e0 votre courrier les photocopies des pi\u00e8ces relatives \u00e0 votre saisine. <\/p>\n","protected":false},"excerpt":{"rendered":"<p>En France, le D\u00e9fenseur des droits est une autorit\u00e9 administrative ind\u00e9pendante, cr\u00e9\u00e9e par la r\u00e9vision constitutionnelle du 23 juillet 2008 et institu\u00e9e par la loi organique du 29 mars 2011. Nomm\u00e9 par le Pr\u00e9sident de la R\u00e9publique pour un mandat de six ans, le D\u00e9fenseur des droits est charg\u00e9 de d\u00e9fendre les droits des citoyens [&hellip;]<\/p>\n","protected":false},"author":1,"featured_media":0,"comment_status":"closed","ping_status":"open","sticky":false,"template":"","format":"standard","meta":{"footnotes":""},"categories":[5],"tags":[],"views":2105,"_links":{"self":[{"href":"http:\/\/www.cgt-hopital-manosque.fr\/index.php?rest_route=\/wp\/v2\/posts\/2246"}],"collection":[{"href":"http:\/\/www.cgt-hopital-manosque.fr\/index.php?rest_route=\/wp\/v2\/posts"}],"about":[{"href":"http:\/\/www.cgt-hopital-manosque.fr\/index.php?rest_route=\/wp\/v2\/types\/post"}],"author":[{"embeddable":true,"href":"http:\/\/www.cgt-hopital-manosque.fr\/index.php?rest_route=\/wp\/v2\/users\/1"}],"replies":[{"embeddable":true,"href":"http:\/\/www.cgt-hopital-manosque.fr\/index.php?rest_route=%2Fwp%2Fv2%2Fcomments&post=2246"}],"version-history":[{"count":8,"href":"http:\/\/www.cgt-hopital-manosque.fr\/index.php?rest_route=\/wp\/v2\/posts\/2246\/revisions"}],"predecessor-version":[{"id":2254,"href":"http:\/\/www.cgt-hopital-manosque.fr\/index.php?rest_route=\/wp\/v2\/posts\/2246\/revisions\/2254"}],"wp:attachment":[{"href":"http:\/\/www.cgt-hopital-manosque.fr\/index.php?rest_route=%2Fwp%2Fv2%2Fmedia&parent=2246"}],"wp:term":[{"taxonomy":"category","embeddable":true,"href":"http:\/\/www.cgt-hopital-manosque.fr\/index.php?rest_route=%2Fwp%2Fv2%2Fcategories&post=2246"},{"taxonomy":"post_tag","embeddable":true,"href":"http:\/\/www.cgt-hopital-manosque.fr\/index.php?rest_route=%2Fwp%2Fv2%2Ftags&post=2246"}],"curies":[{"name":"wp","href":"https:\/\/api.w.org\/{rel}","templated":true}]}}