{"id":2255,"date":"2014-02-17T20:21:14","date_gmt":"2014-02-17T20:21:14","guid":{"rendered":"http:\/\/www.cgt-hopital-manosque.fr\/?p=2255"},"modified":"2015-02-01T17:56:04","modified_gmt":"2015-02-01T17:56:04","slug":"18-fevrier-2014-le-maire-de-manosque-soutient-la-cgt-dans-le-dossier-sur-la-discrimination-liee-a-la-maternite","status":"publish","type":"post","link":"http:\/\/www.cgt-hopital-manosque.fr\/?p=2255","title":{"rendered":"18 f\u00e9vrier 2014 &#8211; Le Maire de Manosque soutient la CGT dans le dossier sur la discrimination li\u00e9e \u00e0 la maternit\u00e9"},"content":{"rendered":"<p style= \"text-align: justify;\">\u00ab\u00a0Ce mercredi 5 f\u00e9vrier, Bernard Jeanmet-P\u00e9ralta, maire de Manosque et pr\u00e9sident du Conseil de surveillance du Centre hospitalier Louis Raffalli, a re\u00e7u dans son bureau de l&rsquo;h\u00f4tel de ville une d\u00e9l\u00e9gation CGT de repr\u00e9sentants du personnel de l&rsquo;h\u00f4pital de Manosque.<\/p>\n<p style= \"text-align: justify;\">Les repr\u00e9sentants syndicaux \u00e9taient venus solliciter son soutien concernant leur opposition au gel du point d&rsquo;indice des agents hospitaliers en cong\u00e9 maternit\u00e9.<br \/>\nBernard Jeanmet-P\u00e9ralta a rappel\u00e9 qu&rsquo;il restait attach\u00e9 \u00e0 l&rsquo;id\u00e9e que la maternit\u00e9 ne saurait \u00eatre consid\u00e9r\u00e9e comme une maladie ainsi qu&rsquo;au respect des principes pos\u00e9s par la loi de 2008 et au suivi des directives minist\u00e9rielles actuelles qui \u00e9cartent tout gel de la notation des agents hospitaliers lors des cong\u00e9s maternit\u00e9.<\/p>\n<p style= \"text-align: justify;\">Il r\u00e9affirmera cette position lors de la prochaine Commission paritaire et souhaite \u00e9galement que des discussions reprennent ente la direction du centre hospitalier et les repr\u00e9sentants du personnel.\u00a0\u00bb<\/p>\n<p style= \"text-align: justify;\">(Communiqu\u00e9 de presse du Maire de Manosque)<\/p>\n<p style= \"text-align: justify;\">Pour consulter le communiqu\u00e9 du Maire, <strong><a href=\"http:\/\/www.cgt-hopital-manosque.fr\/wp-content\/uploads\/2014\/02\/347.-Communiqu\u00e9-de-presse-et-article-discrimination-suite-2.pdf\">Cliquer ici<\/a><\/strong><\/p>\n<p style= \"text-align: justify;\">Pour consulter l&rsquo;article de La Marseillaise, <strong>Cliquer ci-dessous<\/strong> <strong><a href=\"http:\/\/www.cgt-hopital-manosque.fr\/wp-content\/uploads\/2014\/02\/347.-Communiqu\u00e9-de-presse-et-article-discrimination-suite-1.jpg\"><img loading=\"lazy\" decoding=\"async\" src=\"http:\/\/www.cgt-hopital-manosque.fr\/wp-content\/uploads\/2014\/02\/347.-Communiqu\u00e9-de-presse-et-article-discrimination-suite-1.jpg\" alt=\"Cliquer ci-dessous\" width=\"677\" height=\"316\" class=\"aligncenter size-full wp-image-2257\" srcset=\"http:\/\/www.cgt-hopital-manosque.fr\/wp-content\/uploads\/2014\/02\/347.-Communiqu\u00e9-de-presse-et-article-discrimination-suite-1.jpg 677w, http:\/\/www.cgt-hopital-manosque.fr\/wp-content\/uploads\/2014\/02\/347.-Communiqu\u00e9-de-presse-et-article-discrimination-suite-1-300x140.jpg 300w\" sizes=\"(max-width: 677px) 100vw, 677px\" \/><\/a><\/strong><\/p>\n","protected":false},"excerpt":{"rendered":"<p>\u00ab\u00a0Ce mercredi 5 f\u00e9vrier, Bernard Jeanmet-P\u00e9ralta, maire de Manosque et pr\u00e9sident du Conseil de surveillance du Centre hospitalier Louis Raffalli, a re\u00e7u dans son bureau de l&rsquo;h\u00f4tel de ville une d\u00e9l\u00e9gation CGT de repr\u00e9sentants du personnel de l&rsquo;h\u00f4pital de Manosque. Les repr\u00e9sentants syndicaux \u00e9taient venus solliciter son soutien concernant leur opposition au gel du point [&hellip;]<\/p>\n","protected":false},"author":1,"featured_media":0,"comment_status":"closed","ping_status":"open","sticky":false,"template":"","format":"standard","meta":{"footnotes":""},"categories":[7,5],"tags":[],"views":2254,"_links":{"self":[{"href":"http:\/\/www.cgt-hopital-manosque.fr\/index.php?rest_route=\/wp\/v2\/posts\/2255"}],"collection":[{"href":"http:\/\/www.cgt-hopital-manosque.fr\/index.php?rest_route=\/wp\/v2\/posts"}],"about":[{"href":"http:\/\/www.cgt-hopital-manosque.fr\/index.php?rest_route=\/wp\/v2\/types\/post"}],"author":[{"embeddable":true,"href":"http:\/\/www.cgt-hopital-manosque.fr\/index.php?rest_route=\/wp\/v2\/users\/1"}],"replies":[{"embeddable":true,"href":"http:\/\/www.cgt-hopital-manosque.fr\/index.php?rest_route=%2Fwp%2Fv2%2Fcomments&post=2255"}],"version-history":[{"count":2,"href":"http:\/\/www.cgt-hopital-manosque.fr\/index.php?rest_route=\/wp\/v2\/posts\/2255\/revisions"}],"predecessor-version":[{"id":2259,"href":"http:\/\/www.cgt-hopital-manosque.fr\/index.php?rest_route=\/wp\/v2\/posts\/2255\/revisions\/2259"}],"wp:attachment":[{"href":"http:\/\/www.cgt-hopital-manosque.fr\/index.php?rest_route=%2Fwp%2Fv2%2Fmedia&parent=2255"}],"wp:term":[{"taxonomy":"category","embeddable":true,"href":"http:\/\/www.cgt-hopital-manosque.fr\/index.php?rest_route=%2Fwp%2Fv2%2Fcategories&post=2255"},{"taxonomy":"post_tag","embeddable":true,"href":"http:\/\/www.cgt-hopital-manosque.fr\/index.php?rest_route=%2Fwp%2Fv2%2Ftags&post=2255"}],"curies":[{"name":"wp","href":"https:\/\/api.w.org\/{rel}","templated":true}]}}