{"id":2264,"date":"2014-02-20T20:01:11","date_gmt":"2014-02-20T20:01:11","guid":{"rendered":"http:\/\/www.cgt-hopital-manosque.fr\/?p=2264"},"modified":"2015-02-01T17:56:04","modified_gmt":"2015-02-01T17:56:04","slug":"21-fevrier-2014-questionne-les-fondamentaux-de-la-democratie-representative","status":"publish","type":"post","link":"http:\/\/www.cgt-hopital-manosque.fr\/?p=2264","title":{"rendered":"21 f\u00e9vrier 2014 &#8211; << D\u00c9MOCRATIE Z\u00c9RO6 >> questionne les fondamentaux de la d\u00e9mocratie repr\u00e9sentative."},"content":{"rendered":"<p style= \"text-align: justify;\">R\u00e9sum\u00e9 du film (et des faits) : <\/p>\n<p style= \"text-align: justify;\">Trois villages d\u2019une vall\u00e9e isol\u00e9e du Sud-Est de la France, frontali\u00e8re de l\u2019Italie, d\u00e9cident en commun de consulter leur population sous forme de r\u00e9f\u00e9rendum consultatif concernant leur rattachement administratif \u00e0 la CARF, Communaut\u00e9 d\u2019Agglom\u00e9ration de la Rivi\u00e9ra Fran\u00e7aise, dont l\u2019avenir est d\u2019int\u00e9grer la m\u00e9tropole de Nice, la toute premi\u00e8re cr\u00e9\u00e9e en France. <\/p>\n<p style= \"text-align: justify;\">Le pr\u00e9fet Drevet, soutenu par le pr\u00e9sident de la m\u00e9tropole Christian Estrosi et le pr\u00e9sident du conseil g\u00e9n\u00e9ral Eric Ciotti, d\u00e9clare ill\u00e9gal et interdit ce r\u00e9f\u00e9rendum en mena\u00e7ant \u00e9lus et associations de 6 mois de prison et de 7500\u20ac d\u2019amende s\u2019ils participent \u00e0 sa mise en place, alors que partout ailleurs en France ce genre de r\u00e9f\u00e9rendums a lieu sans obstruction. <\/p>\n<p style= \"text-align: justify;\">C\u2019est en partant de l\u2019examen de cette situation locale et l\u2019analyse des moyens utilis\u00e9s par les pouvoirs en place pour cr\u00e9er une m\u00e9tropole, que ce film pose la question de l\u2019exercice de la d\u00e9mocratie repr\u00e9sentative sur l\u2019ensemble du territoire. <\/p>\n<p style= \"text-align: justify;\">Cette situation a quelque chose d\u2019universel  parce qu\u2019elle r\u00e9v\u00e8le les travers de l\u2019exercice d\u00e9mocratique. <\/p>\n<p><a href=\"http:\/\/www.cgt-hopital-manosque.fr\/wp-content\/uploads\/2014\/02\/348.-D\u00e9mocratie-Z\u00e9ro6-2.jpg\"><img loading=\"lazy\" decoding=\"async\" src=\"http:\/\/www.cgt-hopital-manosque.fr\/wp-content\/uploads\/2014\/02\/348.-D\u00e9mocratie-Z\u00e9ro6-2.jpg\" alt=\"\" width=\"640\" height=\"133\" class=\"aligncenter size-full wp-image-2265\" srcset=\"http:\/\/www.cgt-hopital-manosque.fr\/wp-content\/uploads\/2014\/02\/348.-D\u00e9mocratie-Z\u00e9ro6-2.jpg 640w, http:\/\/www.cgt-hopital-manosque.fr\/wp-content\/uploads\/2014\/02\/348.-D\u00e9mocratie-Z\u00e9ro6-2-300x62.jpg 300w\" sizes=\"(max-width: 640px) 100vw, 640px\" \/><\/a><\/p>\n<p style= \"text-align: justify;\">\u00ab\u00a0\u00c9tant dans l\u2019impossibilit\u00e9 de filmer les responsables politiques de la majorit\u00e9 d\u00e9partementale, j\u2019ai donc film\u00e9 les gens qui m\u2019ont autoris\u00e9 \u00e0 le faire. Les trois maires de la Roya, les associations, le collectif et les habitants qui se sont mobilis\u00e9s contre les menaces du pr\u00e9fet pour faire entendre leur voix et d\u00e9fendre la d\u00e9mocratie. En tant que simple citoyen, je me suis dit qu\u2019il fallait t\u00e9moigner de l\u2019exercice de la d\u00e9mocratie dans ce d\u00e9partement. J\u2019ai donc produit et financ\u00e9 ce film seul parce que, pris dans l\u2019encha\u00eenement des \u00e9v\u00e9nements, je n\u2019ai pas eu le temps de trouver un producteur ni un financement.\u00a0\u00bb <\/p>\n<p style= \"text-align: justify;\">\u00ab\u00a0Je ne milite dans aucun parti, je ne suis inscrit nulle part et j\u2019ai une culture politique plus que moyenne. Je dois \u00eatre na\u00eff, mais j\u2019ai du mal \u00e0 r\u00e9aliser que de telles pratiques soient encore possibles dans un pays comme la France.<br \/>\nLorsque de simples citoyens, associations et \u00e9lus, de droite comme de gauche, s\u2019unissent et s\u2019organisent pour r\u00e9sister et faire entendre leur point de vue sur leur avenir, et qu\u2019ils ont en face d\u2019eux un tel d\u00e9ni qui les r\u00e9duit non pas au silence, mais \u00e0 l\u2019inexistence citoyenne parce qu\u2019on tord les fondamentaux de la d\u00e9mocratie repr\u00e9sentative, on peut comprendre le d\u00e9couragement, le d\u00e9sint\u00e9r\u00eat croissant voire le d\u00e9go\u00fbt de la vie politique.<br \/>\nEt paradoxalement, tous ces gens qui se battent malgr\u00e9 tout pour faire vivre la d\u00e9mocratie telle qu\u2019elle est inscrite dans la Constitution, toute cette \u00e9nergie d\u00e9ploy\u00e9e, me laissent entrevoir que les combats pour la libert\u00e9 ne cesseront jamais. <\/p>\n<p style= \"text-align: justify;\">J&rsquo;ai produit, tourn\u00e9 et mont\u00e9 ce film seul, je n\u2019ai pas gagn\u00e9 un sou en le faisant, je l\u2019ai fait parce qu\u2019il m\u2019apparaissait n\u00e9cessaire et \u00e9vident de le faire. Je le consid\u00e8re comme un acte citoyen. Le cin\u00e9ma est ind\u00e9fectiblement li\u00e9 \u00e0 la vie, au regard que pose celui qui filme sur ce qui l\u2019entoure. D\u00c9MOCRATIE Z\u00c9RO6 est un regard \u00e0 un temps T sur la vall\u00e9e dans laquelle je vis depuis presque 5 ans. C\u2019est un point de vue extr\u00eamement focalis\u00e9. Et c\u2019est ce qui a toujours \u00e9t\u00e9 pour moi l\u2019essence du cin\u00e9ma : partir d\u2019une situation tout ce qu\u2019il y a de plus ordinaire et singuli\u00e8re dans un lieu qui a son histoire et ouvrir par le biais de cette singularit\u00e9 une fen\u00eatre sur des questions universelles. J\u2019ai la pr\u00e9tention de croire que ce film y parvient.\u00a0\u00bb (Michel Toesca) <\/p>\n<p style= \"text-align: justify;\">\nPour voir la bande annonce,  <strong><a href=\"http:\/\/www.youtube.com\/watch?v=jZQw2w-jlDM\"CLIQUER ICI\" target=\"_blank\">CLIQUER ICI<\/a><\/strong><\/p>\n<p><a href=\"http:\/\/www.cgt-hopital-manosque.fr\/wp-content\/uploads\/2014\/02\/348.-D\u00e9mocratie-z\u00e9ro6-1.jpg\"><img loading=\"lazy\" decoding=\"async\" src=\"http:\/\/www.cgt-hopital-manosque.fr\/wp-content\/uploads\/2014\/02\/348.-D\u00e9mocratie-z\u00e9ro6-1.jpg\" alt=\"\" width=\"600\" height=\"889\" class=\"aligncenter size-full wp-image-2267\" srcset=\"http:\/\/www.cgt-hopital-manosque.fr\/wp-content\/uploads\/2014\/02\/348.-D\u00e9mocratie-z\u00e9ro6-1.jpg 600w, http:\/\/www.cgt-hopital-manosque.fr\/wp-content\/uploads\/2014\/02\/348.-D\u00e9mocratie-z\u00e9ro6-1-202x300.jpg 202w\" sizes=\"(max-width: 600px) 100vw, 600px\" \/><\/a><\/p>\n","protected":false},"excerpt":{"rendered":"<p>R\u00e9sum\u00e9 du film (et des faits) : Trois villages d\u2019une vall\u00e9e isol\u00e9e du Sud-Est de la France, frontali\u00e8re de l\u2019Italie, d\u00e9cident en commun de consulter leur population sous forme de r\u00e9f\u00e9rendum consultatif concernant leur rattachement administratif \u00e0 la CARF, Communaut\u00e9 d\u2019Agglom\u00e9ration de la Rivi\u00e9ra Fran\u00e7aise, dont l\u2019avenir est d\u2019int\u00e9grer la m\u00e9tropole de Nice, la toute [&hellip;]<\/p>\n","protected":false},"author":1,"featured_media":0,"comment_status":"closed","ping_status":"open","sticky":false,"template":"","format":"standard","meta":{"footnotes":""},"categories":[1],"tags":[],"views":36260,"_links":{"self":[{"href":"http:\/\/www.cgt-hopital-manosque.fr\/index.php?rest_route=\/wp\/v2\/posts\/2264"}],"collection":[{"href":"http:\/\/www.cgt-hopital-manosque.fr\/index.php?rest_route=\/wp\/v2\/posts"}],"about":[{"href":"http:\/\/www.cgt-hopital-manosque.fr\/index.php?rest_route=\/wp\/v2\/types\/post"}],"author":[{"embeddable":true,"href":"http:\/\/www.cgt-hopital-manosque.fr\/index.php?rest_route=\/wp\/v2\/users\/1"}],"replies":[{"embeddable":true,"href":"http:\/\/www.cgt-hopital-manosque.fr\/index.php?rest_route=%2Fwp%2Fv2%2Fcomments&post=2264"}],"version-history":[{"count":6,"href":"http:\/\/www.cgt-hopital-manosque.fr\/index.php?rest_route=\/wp\/v2\/posts\/2264\/revisions"}],"predecessor-version":[{"id":2272,"href":"http:\/\/www.cgt-hopital-manosque.fr\/index.php?rest_route=\/wp\/v2\/posts\/2264\/revisions\/2272"}],"wp:attachment":[{"href":"http:\/\/www.cgt-hopital-manosque.fr\/index.php?rest_route=%2Fwp%2Fv2%2Fmedia&parent=2264"}],"wp:term":[{"taxonomy":"category","embeddable":true,"href":"http:\/\/www.cgt-hopital-manosque.fr\/index.php?rest_route=%2Fwp%2Fv2%2Fcategories&post=2264"},{"taxonomy":"post_tag","embeddable":true,"href":"http:\/\/www.cgt-hopital-manosque.fr\/index.php?rest_route=%2Fwp%2Fv2%2Ftags&post=2264"}],"curies":[{"name":"wp","href":"https:\/\/api.w.org\/{rel}","templated":true}]}}