{"id":2284,"date":"2014-02-25T18:56:47","date_gmt":"2014-02-25T18:56:47","guid":{"rendered":"http:\/\/www.cgt-hopital-manosque.fr\/?p=2284"},"modified":"2015-02-01T18:33:20","modified_gmt":"2015-02-01T18:33:20","slug":"25-fevrier-2014-appel-a-la-greve-et-a-la-mobilisation-le-18-mars-2014","status":"publish","type":"post","link":"http:\/\/www.cgt-hopital-manosque.fr\/?p=2284","title":{"rendered":"26 f\u00e9vrier 2014 &#8211; Appel \u00e0 la gr\u00e8ve et \u00e0 la mobilisation le 18 mars 2014"},"content":{"rendered":"<p style= \"text-align: justify;\">Les F\u00e9d\u00e9rations CGT, FO, Sud, du secteur de la sant\u00e9 et de l\u2019action sociale, r\u00e9unies le 10 f\u00e9vrier 2014, refusent les politiques d\u2019aust\u00e9rit\u00e9 que le gouvernement et les employeurs continuent d\u2019imposer aux salari\u00e9s. <\/p>\n<p style= \"text-align: justify;\">Aucun secteur n\u2019est donc \u00e9pargn\u00e9 par les politiques de restriction qui impactent les conditions de travail et nos missions de service public. <\/p>\n<p style= \"text-align: justify;\">Au nom de la baisse des d\u00e9penses publiques, le gouvernement avec son \u00ab pacte de responsabilit\u00e9 \u00bb fait un nouveau cadeau de 30 milliards aux entreprises, en volant notre salaire diff\u00e9r\u00e9, nos cotisations sociales. <\/p>\n<p style= \"text-align: justify;\">Cette situation devrait s\u2019aggraver avec les pr\u00e9conisations de la Cour des comptes \u00ab pour enrayer la spirale de la dette sociale \u00bb, qui devrait passer selon elle \u00ab par un effort accru de la ma\u00eetrise des d\u00e9penses de sant\u00e9 \u00bb, pour nos diff\u00e9rents secteurs. C\u2019est d\u2019ailleurs l\u2019objectif que le gouvernement s\u2019est fix\u00e9 dans la recherche de 50 milliards d\u2019euros d\u2019\u00e9conomies d\u2019ici 2017 dans les services publics. Soit, selon le rapport de la Cour des comptes et le JDD du 9 f\u00e9vrier dernier, 15 milliards sur la sant\u00e9, dont pr\u00e8s de 5 milliards sur l\u2019h\u00f4pital public. <\/p>\n<p style= \"text-align: justify;\">Cette politique d\u2019aust\u00e9rit\u00e9, voulue par le gouvernement, s\u2019inscrit totalement dans la continuit\u00e9 des gouvernements pr\u00e9c\u00e9dents. <\/p>\n<p style= \"text-align: justify;\">Il s\u2019agit d\u2019une attaque contre la S\u00e9curit\u00e9 Sociale, les \u00e9tablissements et services de sant\u00e9, du secteur social, et m\u00e9dico-social. <\/p>\n<p style= \"text-align: justify;\">A plusieurs reprises, les f\u00e9d\u00e9rations CGT, FO, SUD du secteur de la sant\u00e9 et de l\u2019action sociale ont tir\u00e9 le signal d\u2019alarme. <\/p>\n<p style= \"text-align: justify;\">C\u2019est pourquoi elles appellent \u00e0 la gr\u00e8ve, \u00e0 la mobilisation, \u00e0 des manifestations interprofessionnelles le 18 mars 2014, sur des revendications claires telles que nous les avions d\u00e9velopp\u00e9es contre l\u2019ANI et contre la contre-r\u00e9forme des retraites, pour : <\/p>\n<p style= \"text-align: justify;\">* l\u2019augmentation g\u00e9n\u00e9rale et rattrapage des salaires pour mettre fin \u00e0 la situation de gel, tant dans le public que dans le priv\u00e9, <\/p>\n<p style= \"text-align: justify;\">* l\u2019embauche sur des emplois statutaires dans la Fonction publique et des CDI dans le priv\u00e9, <\/p>\n<p style= \"text-align: justify;\">* l\u2019opposition totale \u00e0 l\u2019aust\u00e9rit\u00e9, <\/p>\n<p style= \"text-align: justify;\">* la d\u00e9fense et l\u2019am\u00e9lioration de notre syst\u00e8me de protection sociale, <\/p>\n<p style= \"text-align: justify;\">* le maintien et l\u2019am\u00e9lioration des garanties conventionnelles et statutaires, <\/p>\n<p style= \"text-align: justify;\">* l\u2019arr\u00eat des restructurations, des fermetures de lits et de places, des suppressions de postes <\/p>\n<p style= \"text-align: justify;\">* l\u2019abrogation de la loi HPST <\/p>\n","protected":false},"excerpt":{"rendered":"<p>Les F\u00e9d\u00e9rations CGT, FO, Sud, du secteur de la sant\u00e9 et de l\u2019action sociale, r\u00e9unies le 10 f\u00e9vrier 2014, refusent les politiques d\u2019aust\u00e9rit\u00e9 que le gouvernement et les employeurs continuent d\u2019imposer aux salari\u00e9s. Aucun secteur n\u2019est donc \u00e9pargn\u00e9 par les politiques de restriction qui impactent les conditions de travail et nos missions de service public. [&hellip;]<\/p>\n","protected":false},"author":1,"featured_media":0,"comment_status":"closed","ping_status":"open","sticky":false,"template":"","format":"standard","meta":{"footnotes":""},"categories":[7,8],"tags":[],"views":2032,"_links":{"self":[{"href":"http:\/\/www.cgt-hopital-manosque.fr\/index.php?rest_route=\/wp\/v2\/posts\/2284"}],"collection":[{"href":"http:\/\/www.cgt-hopital-manosque.fr\/index.php?rest_route=\/wp\/v2\/posts"}],"about":[{"href":"http:\/\/www.cgt-hopital-manosque.fr\/index.php?rest_route=\/wp\/v2\/types\/post"}],"author":[{"embeddable":true,"href":"http:\/\/www.cgt-hopital-manosque.fr\/index.php?rest_route=\/wp\/v2\/users\/1"}],"replies":[{"embeddable":true,"href":"http:\/\/www.cgt-hopital-manosque.fr\/index.php?rest_route=%2Fwp%2Fv2%2Fcomments&post=2284"}],"version-history":[{"count":3,"href":"http:\/\/www.cgt-hopital-manosque.fr\/index.php?rest_route=\/wp\/v2\/posts\/2284\/revisions"}],"predecessor-version":[{"id":2287,"href":"http:\/\/www.cgt-hopital-manosque.fr\/index.php?rest_route=\/wp\/v2\/posts\/2284\/revisions\/2287"}],"wp:attachment":[{"href":"http:\/\/www.cgt-hopital-manosque.fr\/index.php?rest_route=%2Fwp%2Fv2%2Fmedia&parent=2284"}],"wp:term":[{"taxonomy":"category","embeddable":true,"href":"http:\/\/www.cgt-hopital-manosque.fr\/index.php?rest_route=%2Fwp%2Fv2%2Fcategories&post=2284"},{"taxonomy":"post_tag","embeddable":true,"href":"http:\/\/www.cgt-hopital-manosque.fr\/index.php?rest_route=%2Fwp%2Fv2%2Ftags&post=2284"}],"curies":[{"name":"wp","href":"https:\/\/api.w.org\/{rel}","templated":true}]}}