{"id":2289,"date":"2014-02-26T19:33:40","date_gmt":"2014-02-26T19:33:40","guid":{"rendered":"http:\/\/www.cgt-hopital-manosque.fr\/?p=2289"},"modified":"2015-02-01T17:56:04","modified_gmt":"2015-02-01T17:56:04","slug":"27-fevrier-2014-encore-un-drame-a-lhopital-en-faudra-t-il-combien","status":"publish","type":"post","link":"http:\/\/www.cgt-hopital-manosque.fr\/?p=2289","title":{"rendered":"27 f\u00e9vrier 2014 &#8211; Encore un drame \u00e0 l&rsquo;h\u00f4pital&#8230;en faudra-t-il combien ?"},"content":{"rendered":"<p><a href=\"http:\/\/www.cgt-hopital-manosque.fr\/wp-content\/uploads\/2014\/02\/349.-Encore-un-drame-\u00e0-lh\u00f4pital...en-faudra-t-il-combien.jpg\"><img loading=\"lazy\" decoding=\"async\" src=\"http:\/\/www.cgt-hopital-manosque.fr\/wp-content\/uploads\/2014\/02\/349.-Encore-un-drame-\u00e0-lh\u00f4pital...en-faudra-t-il-combien.jpg\" alt=\"\" width=\"833\" height=\"413\" class=\"aligncenter size-full wp-image-2291\" srcset=\"http:\/\/www.cgt-hopital-manosque.fr\/wp-content\/uploads\/2014\/02\/349.-Encore-un-drame-\u00e0-lh\u00f4pital...en-faudra-t-il-combien.jpg 833w, http:\/\/www.cgt-hopital-manosque.fr\/wp-content\/uploads\/2014\/02\/349.-Encore-un-drame-\u00e0-lh\u00f4pital...en-faudra-t-il-combien-300x148.jpg 300w\" sizes=\"(max-width: 833px) 100vw, 833px\" \/><\/a><\/p>\n<p style= \"text-align: justify;\">Une patiente est d\u00e9c\u00e9d\u00e9e \u00e0 Paris aux urgences de l&rsquo;h\u00f4pital Cochin o\u00f9 elle avait \u00e9t\u00e9 admise pour une plaie au pied. Elle a \u00e9t\u00e9 retrouv\u00e9e morte sur une chaise apr\u00e8s 6 heures d&rsquo;attente. Apr\u00e8s la fermeture des urgences de l&rsquo;H\u00f4tel-Dieu, celles de l&rsquo;h\u00f4pital Cochin sont davantage sollicit\u00e9es. La CGT avait pr\u00e9venu qu&rsquo;il allait y avoir des morts. R\u00e9duire le nombre de sites, accro\u00eetre les d\u00e9lais d&rsquo;attente aux urgences, c&rsquo;est augmenter le taux de mortalit\u00e9. Tout cela est tr\u00e8s choquant. Mais ce qui est tout autant inacceptable, c&rsquo;est que ce choix de politique sanitaire met non seulement en danger les patients mais \u00e9galement les personnels. Car cette situation dramatique risque de retomber sur l&rsquo;infirmi\u00e8re d&rsquo;accueil et d&rsquo;orientation. Des choix politiques et des directions  augmentent la charge de travail des soignants, d\u00e9gradent en permanence leurs conditions de travail, et mettent en danger leur dipl\u00f4me et l&rsquo;exercice de leur fonction. Car il faut toujours trouver un bouc \u00e9missaire sans tenir compte que les personnels ne sont plus en mesure d&rsquo;assumer leurs missions correctement. <\/p>\n<p style= \"text-align: justify;\">L&rsquo;h\u00f4pital public est en danger. Qui n&rsquo;en a pas fait l&rsquo;exp\u00e9rience ? Des urgences d\u00e9bord\u00e9es. Des d\u00e9lais d&rsquo;attente \u00e0 n&rsquo;en plus finir. Des m\u00e9decins et des personnels soignants qui travaillent \u00e0 flux tendu : les signaux deviennent alarmants sur les sous-effectifs, la d\u00e9sorganisation et, au final, le manque de s\u00e9curit\u00e9 pour les patients. Paradoxe de cet h\u00f4pital public \u00e0 la fran\u00e7aise : il peut r\u00e9unir en son sein les meilleurs sp\u00e9cialistes mondiaux d&rsquo;une discipline et fonctionner parfois avec des bouts de ficelle. <\/p>\n","protected":false},"excerpt":{"rendered":"<p>Une patiente est d\u00e9c\u00e9d\u00e9e \u00e0 Paris aux urgences de l&rsquo;h\u00f4pital Cochin o\u00f9 elle avait \u00e9t\u00e9 admise pour une plaie au pied. Elle a \u00e9t\u00e9 retrouv\u00e9e morte sur une chaise apr\u00e8s 6 heures d&rsquo;attente. Apr\u00e8s la fermeture des urgences de l&rsquo;H\u00f4tel-Dieu, celles de l&rsquo;h\u00f4pital Cochin sont davantage sollicit\u00e9es. La CGT avait pr\u00e9venu qu&rsquo;il allait y avoir [&hellip;]<\/p>\n","protected":false},"author":1,"featured_media":0,"comment_status":"closed","ping_status":"open","sticky":false,"template":"","format":"standard","meta":{"footnotes":""},"categories":[8],"tags":[],"views":2137,"_links":{"self":[{"href":"http:\/\/www.cgt-hopital-manosque.fr\/index.php?rest_route=\/wp\/v2\/posts\/2289"}],"collection":[{"href":"http:\/\/www.cgt-hopital-manosque.fr\/index.php?rest_route=\/wp\/v2\/posts"}],"about":[{"href":"http:\/\/www.cgt-hopital-manosque.fr\/index.php?rest_route=\/wp\/v2\/types\/post"}],"author":[{"embeddable":true,"href":"http:\/\/www.cgt-hopital-manosque.fr\/index.php?rest_route=\/wp\/v2\/users\/1"}],"replies":[{"embeddable":true,"href":"http:\/\/www.cgt-hopital-manosque.fr\/index.php?rest_route=%2Fwp%2Fv2%2Fcomments&post=2289"}],"version-history":[{"count":3,"href":"http:\/\/www.cgt-hopital-manosque.fr\/index.php?rest_route=\/wp\/v2\/posts\/2289\/revisions"}],"predecessor-version":[{"id":2293,"href":"http:\/\/www.cgt-hopital-manosque.fr\/index.php?rest_route=\/wp\/v2\/posts\/2289\/revisions\/2293"}],"wp:attachment":[{"href":"http:\/\/www.cgt-hopital-manosque.fr\/index.php?rest_route=%2Fwp%2Fv2%2Fmedia&parent=2289"}],"wp:term":[{"taxonomy":"category","embeddable":true,"href":"http:\/\/www.cgt-hopital-manosque.fr\/index.php?rest_route=%2Fwp%2Fv2%2Fcategories&post=2289"},{"taxonomy":"post_tag","embeddable":true,"href":"http:\/\/www.cgt-hopital-manosque.fr\/index.php?rest_route=%2Fwp%2Fv2%2Ftags&post=2289"}],"curies":[{"name":"wp","href":"https:\/\/api.w.org\/{rel}","templated":true}]}}