{"id":2294,"date":"2014-02-27T19:39:08","date_gmt":"2014-02-27T19:39:08","guid":{"rendered":"http:\/\/www.cgt-hopital-manosque.fr\/?p=2294"},"modified":"2015-01-25T12:51:46","modified_gmt":"2015-01-25T12:51:46","slug":"28-fevrier-2014-sages-femmes-hospitalieres-toujours-pas-de-consensus","status":"publish","type":"post","link":"http:\/\/www.cgt-hopital-manosque.fr\/?p=2294","title":{"rendered":"28 f\u00e9vrier 2014 &#8211; Sages-femmes hospitali\u00e8res : toujours pas de consensus"},"content":{"rendered":"<p><a href=\"http:\/\/www.cgt-hopital-manosque.fr\/wp-content\/uploads\/2014\/02\/352.-Sages-femmes-hospitali\u00e8res-toujours-pas-de-consensus-OK-A-INSERER.jpg\"><img loading=\"lazy\" decoding=\"async\" src=\"http:\/\/www.cgt-hopital-manosque.fr\/wp-content\/uploads\/2014\/02\/352.-Sages-femmes-hospitali\u00e8res-toujours-pas-de-consensus-OK-A-INSERER.jpg\" alt=\"\" width=\"425\" height=\"282\" class=\"aligncenter size-full wp-image-2295\" srcset=\"http:\/\/www.cgt-hopital-manosque.fr\/wp-content\/uploads\/2014\/02\/352.-Sages-femmes-hospitali\u00e8res-toujours-pas-de-consensus-OK-A-INSERER.jpg 425w, http:\/\/www.cgt-hopital-manosque.fr\/wp-content\/uploads\/2014\/02\/352.-Sages-femmes-hospitali\u00e8res-toujours-pas-de-consensus-OK-A-INSERER-300x199.jpg 300w\" sizes=\"(max-width: 425px) 100vw, 425px\" \/><\/a><\/p>\n<p style= \"text-align: justify;\">Apr\u00e8s 4 mois de conflit et de gr\u00e8ve avec r\u00e9quisitions, les organisations (CGT, CFDT, FO, SUD, Unsa) ont press\u00e9 la ministre de se prononcer. <\/p>\n<p style= \"text-align: justify;\">Ils voulaient que Mme Touraine tranche \u00e0 l&rsquo;issue de la  r\u00e9union de ce groupe de travail, pr\u00e9vue le 19 f\u00e9vrier, et ouvre des n\u00e9gociations salariales dans la foul\u00e9e. La ministre devait arbitrer une premi\u00e8re fois le 20 d\u00e9cembre, mais elle a prolong\u00e9 les travaux jusqu&rsquo;\u00e0 fin mars, faute de consensus entre syndicats hospitaliers et collectifs des sages-femmes qui veut sortir ces professionnelles de la fonction publique et obtenir un statut sur le mod\u00e8le des m\u00e9decins (praticien hospitalier). <\/p>\n<p style= \"text-align: justify;\">Les syndicats de la fonction publique sont hostiles \u00e0 cette hypoth\u00e8se, synonyme selon eux de pr\u00e9carit\u00e9. Des consultations organis\u00e9es dans les h\u00f4pitaux vont dans leur sens, avec \u00ab\u00a0entre 80 et 96% des sages-femmes (qui) ont vot\u00e9 pour rester dans la fonction publique hospitali\u00e8re\u00a0\u00bb.<\/p>\n<p style= \"text-align: justify;\">La r\u00e9union sur le statut des sages-femmes hospitali\u00e8res s&rsquo;est tenue ce 19 f\u00e9vrier, mais les discussions n&rsquo;ont pas abouti \u00e0 un accord. L&rsquo;arbitrage de Marisol Touraine est attendu rapidement. <\/p>\n","protected":false},"excerpt":{"rendered":"<p>Apr\u00e8s 4 mois de conflit et de gr\u00e8ve avec r\u00e9quisitions, les organisations (CGT, CFDT, FO, SUD, Unsa) ont press\u00e9 la ministre de se prononcer. Ils voulaient que Mme Touraine tranche \u00e0 l&rsquo;issue de la r\u00e9union de ce groupe de travail, pr\u00e9vue le 19 f\u00e9vrier, et ouvre des n\u00e9gociations salariales dans la foul\u00e9e. La ministre devait [&hellip;]<\/p>\n","protected":false},"author":1,"featured_media":0,"comment_status":"closed","ping_status":"open","sticky":false,"template":"","format":"standard","meta":{"footnotes":""},"categories":[8],"tags":[],"views":2187,"_links":{"self":[{"href":"http:\/\/www.cgt-hopital-manosque.fr\/index.php?rest_route=\/wp\/v2\/posts\/2294"}],"collection":[{"href":"http:\/\/www.cgt-hopital-manosque.fr\/index.php?rest_route=\/wp\/v2\/posts"}],"about":[{"href":"http:\/\/www.cgt-hopital-manosque.fr\/index.php?rest_route=\/wp\/v2\/types\/post"}],"author":[{"embeddable":true,"href":"http:\/\/www.cgt-hopital-manosque.fr\/index.php?rest_route=\/wp\/v2\/users\/1"}],"replies":[{"embeddable":true,"href":"http:\/\/www.cgt-hopital-manosque.fr\/index.php?rest_route=%2Fwp%2Fv2%2Fcomments&post=2294"}],"version-history":[{"count":1,"href":"http:\/\/www.cgt-hopital-manosque.fr\/index.php?rest_route=\/wp\/v2\/posts\/2294\/revisions"}],"predecessor-version":[{"id":2296,"href":"http:\/\/www.cgt-hopital-manosque.fr\/index.php?rest_route=\/wp\/v2\/posts\/2294\/revisions\/2296"}],"wp:attachment":[{"href":"http:\/\/www.cgt-hopital-manosque.fr\/index.php?rest_route=%2Fwp%2Fv2%2Fmedia&parent=2294"}],"wp:term":[{"taxonomy":"category","embeddable":true,"href":"http:\/\/www.cgt-hopital-manosque.fr\/index.php?rest_route=%2Fwp%2Fv2%2Fcategories&post=2294"},{"taxonomy":"post_tag","embeddable":true,"href":"http:\/\/www.cgt-hopital-manosque.fr\/index.php?rest_route=%2Fwp%2Fv2%2Ftags&post=2294"}],"curies":[{"name":"wp","href":"https:\/\/api.w.org\/{rel}","templated":true}]}}