{"id":2321,"date":"2014-03-07T22:08:00","date_gmt":"2014-03-07T22:08:00","guid":{"rendered":"http:\/\/www.cgt-hopital-manosque.fr\/?p=2321"},"modified":"2015-02-01T18:33:18","modified_gmt":"2015-02-01T18:33:18","slug":"8-mars-2014-collection-regards-de-provence-femmes-en-provence-et-en-mediterranee","status":"publish","type":"post","link":"http:\/\/www.cgt-hopital-manosque.fr\/?p=2321","title":{"rendered":"8 mars 2014 &#8211; Collection Regards de Provence : Femmes en Provence et en M\u00e9diterran\u00e9e"},"content":{"rendered":"<p><a href=\"http:\/\/www.cgt-hopital-manosque.fr\/wp-content\/uploads\/2014\/03\/360.-Regards-de-Provence-1-POUR-AVIS.jpg\"><img loading=\"lazy\" decoding=\"async\" src=\"http:\/\/www.cgt-hopital-manosque.fr\/wp-content\/uploads\/2014\/03\/360.-Regards-de-Provence-1-POUR-AVIS.jpg\" alt=\"\" width=\"360\" height=\"484\" class=\"aligncenter size-full wp-image-2322\" srcset=\"http:\/\/www.cgt-hopital-manosque.fr\/wp-content\/uploads\/2014\/03\/360.-Regards-de-Provence-1-POUR-AVIS.jpg 360w, http:\/\/www.cgt-hopital-manosque.fr\/wp-content\/uploads\/2014\/03\/360.-Regards-de-Provence-1-POUR-AVIS-223x300.jpg 223w\" sizes=\"(max-width: 360px) 100vw, 360px\" \/><\/a><\/p>\n<p style= \"text-align: justify;\">A l&rsquo;occasion de la journ\u00e9e de la femme, il nous semble int\u00e9ressant de faire un rappel sur une expo en cours qui c\u00e9l\u00e8bre les femmes. <\/p>\n<p style= \"text-align: justify;\">Le Mus\u00e9e Regards de Provence met \u00e0 l\u2019honneur l\u2019exposition \u00abFemmes en Provence et en M\u00e9diterran\u00e9e\u00bb, issue de la collection de la Fondation Regards de Provence. Cet \u00e9v\u00e9nement est construit autour d\u2019un axe double ; celui des arts visuels : peinture, dessin, sculpture, photographie et celui de l\u2019\u00e9criture : roman, essai, po\u00e8me. Le premier t\u00e9moignage s\u2019inscrit dans l\u2019image, le second se lit dans les mots. <\/p>\n<p style= \"text-align: justify;\">De ces deux expressions distinctes et compl\u00e9mentaires, celle de l\u2019image est propos\u00e9e \u00e0 l\u2019homme : peintres, sculpteurs, photographes et celui de l\u2019\u00e9crit \u00e0 la femme : romanci\u00e8re, po\u00e8te, artiste. <\/p>\n<p style= \"text-align: justify;\">Le visiteur ne cherchera pas une corr\u00e9lation entre les \u0153uvres et les textes m\u00eame s\u2019il est possible, ici et l\u00e0, d\u2019en proposer des rapprochements. Les deux entit\u00e9s sont \u00e0 savourer s\u00e9par\u00e9ment. <\/p>\n<p style= \"text-align: justify;\">Les abords et l\u2019int\u00e9rieur du mus\u00e9e b\u00e9n\u00e9ficient d\u2019am\u00e9nagements appropri\u00e9s pour les visiteurs individuels ou en groupes \u00e0 mobilit\u00e9 r\u00e9duite, assurant ainsi un accueil de qualit\u00e9. <\/p>\n<p style= \"text-align: justify;\">L\u2019acc\u00e8s au Mus\u00e9e Regards de Provence se fait par :<br \/>\nM\u00e9tro 1 : Station Vieux-Port\/H\u00f4tel de Ville<br \/>\nM\u00e9tro 2 : Station Joliette<br \/>\nTramway T2 : Arr\u00eat R\u00e9publique\/Dames ou Joliette<br \/>\nBus : n\u00b0 82 (Arr\u00eat Littoral Major ou Fort Saint Jean)<br \/>\net n\u00b0 60 (Arr\u00eat Fort Saint Jean\/Capitainerie)<br \/>\nVoiture : Parking Vieux-Port\/Mucem (Sortie Major\/Regards de Provence) <\/p>\n<p style= \"text-align: justify;\"><strong>Exposition<br \/>\nDu 14 Octobre 2013 au 4 mai 2014<br \/>\nTous les jours de 10h \u00e0 18h <\/strong><\/p>\n<p><a href=\"http:\/\/www.cgt-hopital-manosque.fr\/wp-content\/uploads\/2014\/03\/360.-Regards-de-Provence-2-POUR-AVIS.jpg\"><img loading=\"lazy\" decoding=\"async\" src=\"http:\/\/www.cgt-hopital-manosque.fr\/wp-content\/uploads\/2014\/03\/360.-Regards-de-Provence-2-POUR-AVIS.jpg\" alt=\"\" width=\"990\" height=\"465\" class=\"aligncenter size-full wp-image-2323\" srcset=\"http:\/\/www.cgt-hopital-manosque.fr\/wp-content\/uploads\/2014\/03\/360.-Regards-de-Provence-2-POUR-AVIS.jpg 990w, http:\/\/www.cgt-hopital-manosque.fr\/wp-content\/uploads\/2014\/03\/360.-Regards-de-Provence-2-POUR-AVIS-300x140.jpg 300w\" sizes=\"(max-width: 990px) 100vw, 990px\" \/><\/a><\/p>\n<p><a href=\"http:\/\/www.cgt-hopital-manosque.fr\/wp-content\/uploads\/2014\/03\/360.-Regards-de-Provence-3-POUR-AVIS.jpg\"><img loading=\"lazy\" decoding=\"async\" src=\"http:\/\/www.cgt-hopital-manosque.fr\/wp-content\/uploads\/2014\/03\/360.-Regards-de-Provence-3-POUR-AVIS.jpg\" alt=\"\" width=\"600\" height=\"900\" class=\"aligncenter size-full wp-image-2324\" srcset=\"http:\/\/www.cgt-hopital-manosque.fr\/wp-content\/uploads\/2014\/03\/360.-Regards-de-Provence-3-POUR-AVIS.jpg 600w, http:\/\/www.cgt-hopital-manosque.fr\/wp-content\/uploads\/2014\/03\/360.-Regards-de-Provence-3-POUR-AVIS-200x300.jpg 200w\" sizes=\"(max-width: 600px) 100vw, 600px\" \/><\/a><\/p>\n","protected":false},"excerpt":{"rendered":"<p>A l&rsquo;occasion de la journ\u00e9e de la femme, il nous semble int\u00e9ressant de faire un rappel sur une expo en cours qui c\u00e9l\u00e8bre les femmes. Le Mus\u00e9e Regards de Provence met \u00e0 l\u2019honneur l\u2019exposition \u00abFemmes en Provence et en M\u00e9diterran\u00e9e\u00bb, issue de la collection de la Fondation Regards de Provence. Cet \u00e9v\u00e9nement est construit autour [&hellip;]<\/p>\n","protected":false},"author":1,"featured_media":0,"comment_status":"closed","ping_status":"open","sticky":false,"template":"","format":"standard","meta":{"footnotes":""},"categories":[1],"tags":[],"views":359033,"_links":{"self":[{"href":"http:\/\/www.cgt-hopital-manosque.fr\/index.php?rest_route=\/wp\/v2\/posts\/2321"}],"collection":[{"href":"http:\/\/www.cgt-hopital-manosque.fr\/index.php?rest_route=\/wp\/v2\/posts"}],"about":[{"href":"http:\/\/www.cgt-hopital-manosque.fr\/index.php?rest_route=\/wp\/v2\/types\/post"}],"author":[{"embeddable":true,"href":"http:\/\/www.cgt-hopital-manosque.fr\/index.php?rest_route=\/wp\/v2\/users\/1"}],"replies":[{"embeddable":true,"href":"http:\/\/www.cgt-hopital-manosque.fr\/index.php?rest_route=%2Fwp%2Fv2%2Fcomments&post=2321"}],"version-history":[{"count":1,"href":"http:\/\/www.cgt-hopital-manosque.fr\/index.php?rest_route=\/wp\/v2\/posts\/2321\/revisions"}],"predecessor-version":[{"id":2325,"href":"http:\/\/www.cgt-hopital-manosque.fr\/index.php?rest_route=\/wp\/v2\/posts\/2321\/revisions\/2325"}],"wp:attachment":[{"href":"http:\/\/www.cgt-hopital-manosque.fr\/index.php?rest_route=%2Fwp%2Fv2%2Fmedia&parent=2321"}],"wp:term":[{"taxonomy":"category","embeddable":true,"href":"http:\/\/www.cgt-hopital-manosque.fr\/index.php?rest_route=%2Fwp%2Fv2%2Fcategories&post=2321"},{"taxonomy":"post_tag","embeddable":true,"href":"http:\/\/www.cgt-hopital-manosque.fr\/index.php?rest_route=%2Fwp%2Fv2%2Ftags&post=2321"}],"curies":[{"name":"wp","href":"https:\/\/api.w.org\/{rel}","templated":true}]}}