{"id":2326,"date":"2014-03-08T12:13:08","date_gmt":"2014-03-08T12:13:08","guid":{"rendered":"http:\/\/www.cgt-hopital-manosque.fr\/?p=2326"},"modified":"2015-02-01T17:56:00","modified_gmt":"2015-02-01T17:56:00","slug":"8-mars-2014-journee-de-la-lutte-des-femmes","status":"publish","type":"post","link":"http:\/\/www.cgt-hopital-manosque.fr\/?p=2326","title":{"rendered":"8 mars 2014 &#8211; Journ\u00e9e de la lutte des femmes"},"content":{"rendered":"<p style= \"text-align: justify;\">Cette ann\u00e9e la d\u00e9clinaison <strong>du 8 mars dans le 04<\/strong> est diff\u00e9rente des autres ann\u00e9es.<br \/>\nPas de p\u00e9tition, pas de banderole, pas de drapeaux, pas de petite douceur, pas de discours<\/p>\n<p style= \"text-align: justify;\">C&rsquo;est la crise  direz-vous ?&#8230; oui mais pas celle des patrons et de la finance<br \/>\nc&rsquo;est la CRISE  la vrai, <\/p>\n<p style= \"text-align: justify;\"> <strong>La col\u00e8re des femmes et de la CGT<\/strong><br \/>\nqui en ont assez des discriminations en tout genre faites aux Femmes<br \/>\ngel de note en cas de grossesse, temps partiels attaqu\u00e9s, moindre reconnaissance des m\u00e9tiers \u00e0 pr\u00e9dominance f\u00e9minine, non reconnaissance de la p\u00e9nibilit\u00e9 au travail, difficult\u00e9s \u00e0 concilier vie au travail et vie priv\u00e9e, modifications des plannings, rappels sur les repos, difficult\u00e9s \u00e0 poser les cong\u00e9s souhait\u00e9s &#8230;..<br \/>\nla liste est longue<\/p>\n<p style= \"text-align: justify;\">La CGT 04  combat depuis bient\u00f4t 10 ans le gel de la note inflig\u00e9 aux femmes lors de leurs cong\u00e9s maternit\u00e9.<\/p>\n<p style= \"text-align: justify;\">La CGT 04 a organis\u00e9 hier une conf\u00e9rence de presse pour que les articles paraissent aujourd&rsquo;hui 8 mars jour de la lutte des femmes contre toutes les in\u00e9galit\u00e9s et les violences.<\/p>\n<p style= \"text-align: justify;\">La CGT d\u00e9nonce aupr\u00e8s des Pr\u00e9sidents des conseils de surveillance  la position de leur repr\u00e9sentant notamment  lors des derni\u00e8res CAPL de l&rsquo;h\u00f4pital de Manosque le 21 f\u00e9vrier 2014. <\/p>\n<p style= \"text-align: justify;\">La CGT d\u00e9nonce la fragilit\u00e9 de la mesure transitoire (arr\u00eat du gel du 1\/4 de point  pour 2013 seulement) arrach\u00e9e de haute lutte par la CGT de l&rsquo;h\u00f4pital de Digne.<\/p>\n<p style= \"text-align: justify;\">La CGT des h\u00f4pitaux de Digne et Manosque envoient ce jour la copie de ce courrier aux<br \/>\ndiff\u00e9rentes ministres concern\u00e9es, \u00e0 l&rsquo;ARS , au d\u00e9fenseur des droits. <\/p>\n<p style= \"text-align: justify;\">La journ\u00e9e du 8 mars  n&rsquo;est pas la journ\u00e9e des femmes, encore moins celle de la femme<br \/>\n(a qui on peut offrir un petit cadeau, et le reste de l&rsquo;ann\u00e9e un salaire de mis\u00e8re)<br \/>\nmais la journ\u00e9e de lutte des femmes.<br \/>\nPour la CGT, l&rsquo;\u00e9galit\u00e9 femmes \/ hommes est un enjeu majeur de soci\u00e9t\u00e9<br \/>\net nous devons encore mener de grands combats pour qu&rsquo;elle soit effective. <\/p>\n<p style= \"text-align: justify;\">Pour consulter l&rsquo;extrait des Cahiers de la Vie F\u00e9d\u00e9rale num\u00e9ro 83 de f\u00e9vrier 2014 (sur l&rsquo;h\u00f4pital de Manosque), <strong><a href=\"http:\/\/www.cgt-hopital-manosque.fr\/wp-content\/uploads\/2014\/03\/362.-CVF-n\u00b0-83.pdf\">CLIQUER ICI<\/a><\/strong><\/p>\n<p style= \"text-align: justify;\">Pour consulter l&rsquo;article de Haute Provence Info du 8 mars, <strong><a href=\"http:\/\/www.cgt-hopital-manosque.fr\/wp-content\/uploads\/2014\/03\/362.-HPI-8-mars-2014.pdf\">CLIQUER ICI<\/a><\/strong><\/p>\n<p style= \"text-align: justify;\">Pour consulter l&rsquo;article de La Marseillaise du 8 mars, <strong><a href=\"http:\/\/www.cgt-hopital-manosque.fr\/wp-content\/uploads\/2014\/03\/362.-La-Marseillaise-8-mars-2014.pdf\">CLIQUER ICI<\/a><\/strong><\/p>\n<p style= \"text-align: justify;\">Pour consulter, l&rsquo;article de La Provence du 8 mars, <strong><a href=\"http:\/\/www.cgt-hopital-manosque.fr\/wp-content\/uploads\/2014\/03\/362.-La-Provence-8-mars-2014.pdf\">CLIQUER ICI<\/a><\/strong><\/p>\n<p style= \"text-align: justify;\">Pour consulter la lettre ouverte au Maire de Manosque, <strong><a href=\"http:\/\/www.cgt-hopital-manosque.fr\/wp-content\/uploads\/2014\/03\/362.-Lettre-ouverte-Maire-de-Manosque.pdf\">CLIQUER ICI<\/a><\/strong><\/p>\n<p style= \"text-align: justify;\">Pour consulter la lettre ouverte au Pr\u00e9sident du Conseil de Surveillance de l&rsquo;h\u00f4pital de Digne, <strong><a href=\"http:\/\/www.cgt-hopital-manosque.fr\/wp-content\/uploads\/2014\/03\/362.-Pr\u00e9sident-CAPL-fev-2014-Digne.pdf\">CLIQUER ICI<\/a><\/strong><\/p>\n","protected":false},"excerpt":{"rendered":"<p>Cette ann\u00e9e la d\u00e9clinaison du 8 mars dans le 04 est diff\u00e9rente des autres ann\u00e9es. Pas de p\u00e9tition, pas de banderole, pas de drapeaux, pas de petite douceur, pas de discours C&rsquo;est la crise direz-vous ?&#8230; oui mais pas celle des patrons et de la finance c&rsquo;est la CRISE la vrai, La col\u00e8re des femmes [&hellip;]<\/p>\n","protected":false},"author":1,"featured_media":0,"comment_status":"closed","ping_status":"open","sticky":false,"template":"","format":"standard","meta":{"footnotes":""},"categories":[7,8],"tags":[],"views":5281,"_links":{"self":[{"href":"http:\/\/www.cgt-hopital-manosque.fr\/index.php?rest_route=\/wp\/v2\/posts\/2326"}],"collection":[{"href":"http:\/\/www.cgt-hopital-manosque.fr\/index.php?rest_route=\/wp\/v2\/posts"}],"about":[{"href":"http:\/\/www.cgt-hopital-manosque.fr\/index.php?rest_route=\/wp\/v2\/types\/post"}],"author":[{"embeddable":true,"href":"http:\/\/www.cgt-hopital-manosque.fr\/index.php?rest_route=\/wp\/v2\/users\/1"}],"replies":[{"embeddable":true,"href":"http:\/\/www.cgt-hopital-manosque.fr\/index.php?rest_route=%2Fwp%2Fv2%2Fcomments&post=2326"}],"version-history":[{"count":12,"href":"http:\/\/www.cgt-hopital-manosque.fr\/index.php?rest_route=\/wp\/v2\/posts\/2326\/revisions"}],"predecessor-version":[{"id":2345,"href":"http:\/\/www.cgt-hopital-manosque.fr\/index.php?rest_route=\/wp\/v2\/posts\/2326\/revisions\/2345"}],"wp:attachment":[{"href":"http:\/\/www.cgt-hopital-manosque.fr\/index.php?rest_route=%2Fwp%2Fv2%2Fmedia&parent=2326"}],"wp:term":[{"taxonomy":"category","embeddable":true,"href":"http:\/\/www.cgt-hopital-manosque.fr\/index.php?rest_route=%2Fwp%2Fv2%2Fcategories&post=2326"},{"taxonomy":"post_tag","embeddable":true,"href":"http:\/\/www.cgt-hopital-manosque.fr\/index.php?rest_route=%2Fwp%2Fv2%2Ftags&post=2326"}],"curies":[{"name":"wp","href":"https:\/\/api.w.org\/{rel}","templated":true}]}}