{"id":2346,"date":"2014-03-09T19:17:12","date_gmt":"2014-03-09T19:17:12","guid":{"rendered":"http:\/\/www.cgt-hopital-manosque.fr\/?p=2346"},"modified":"2015-02-01T17:56:00","modified_gmt":"2015-02-01T17:56:00","slug":"10-mars-2014-loi-stage-la-cgt-salue-de-premieres-avancees","status":"publish","type":"post","link":"http:\/\/www.cgt-hopital-manosque.fr\/?p=2346","title":{"rendered":"10 mars 2014 &#8211; Loi Stage : La CGT salue de premi\u00e8res avanc\u00e9es"},"content":{"rendered":"<p><a href=\"http:\/\/www.cgt-hopital-manosque.fr\/wp-content\/uploads\/2014\/03\/356.-Loi-Stage-la-CGT-salue-de-premi\u00e8res-avanc\u00e9es-OK-A-INSERER.jpg\"><img loading=\"lazy\" decoding=\"async\" src=\"http:\/\/www.cgt-hopital-manosque.fr\/wp-content\/uploads\/2014\/03\/356.-Loi-Stage-la-CGT-salue-de-premi\u00e8res-avanc\u00e9es-OK-A-INSERER.jpg\" alt=\"\" width=\"860\" height=\"484\" class=\"aligncenter size-full wp-image-2348\" srcset=\"http:\/\/www.cgt-hopital-manosque.fr\/wp-content\/uploads\/2014\/03\/356.-Loi-Stage-la-CGT-salue-de-premi\u00e8res-avanc\u00e9es-OK-A-INSERER.jpg 860w, http:\/\/www.cgt-hopital-manosque.fr\/wp-content\/uploads\/2014\/03\/356.-Loi-Stage-la-CGT-salue-de-premi\u00e8res-avanc\u00e9es-OK-A-INSERER-300x168.jpg 300w\" sizes=\"(max-width: 860px) 100vw, 860px\" \/><\/a><\/p>\n<p style= \"text-align: justify;\">Les d\u00e9put\u00e9s ont adopt\u00e9, lundi 24 f\u00e9vrier 2014, une loi pour r\u00e9glementer les stages en entreprise. Cette loi fait suite aux batailles men\u00e9es par la CGT et son UGICT avec les organisations de jeunesse depuis plus de 10 ans pour d\u00e9noncer les abus dont sont victimes les stagiaires. <\/p>\n<p style= \"text-align: justify;\">La loi reprend plusieurs propositions de la CGT et permettra notamment de : <\/p>\n<p style= \"text-align: justify;\">*Interdire les stages de plus de 6 mois et ceux qui ne s\u2019inscrivent pas dans un cursus *p\u00e9dagogique ;<br \/>\n*Limiter le nombre de stagiaires par entreprise ;<br \/>\n*Limiter le nombre de stagiaires suivis par tuteur professionnel. <\/p>\n<p style= \"text-align: justify;\">La CGT avait adress\u00e9 aux parlementaires de nombreuses propositions d\u2019amendements, dont certaines ont \u00e9t\u00e9 reprises, ce qui a permis d\u2019am\u00e9liorer le texte sur les sujets suivants : <\/p>\n<p style= \"text-align: justify;\">*Les stages de plus de 2 mois devront ouvrir aux stagiaires les m\u00eames droits que ceux accord\u00e9s aux salari\u00e9s (50% de prise en charge transport et acc\u00e8s aux ch\u00e8ques d\u00e9jeuner ou \u00e0 la restauration de l\u2019entreprise) ;<br \/>\n*Les stagiaires ne pourront plus pratiquer de travaux dangereux ;<br \/>\n*Le nombre de stagiaires suivis par enseignant devra \u00eatre limit\u00e9 ;<br \/>\n*Le traitement des recours aux prudhommes sera acc\u00e9l\u00e9r\u00e9 en allant directement au bureau de jugement ;<br \/>\n*Le temps de travail est limit\u00e9 \u00e0 la dur\u00e9e moyenne de travail des salari\u00e9s dans l\u2019entreprise (contre 48h maximum pr\u00e9vues dans le projet de loi initial) ;<br \/>\n*La ministre s\u2019est engag\u00e9e en s\u00e9ance \u00e0 ce que le d\u00e9cret \u00e9tendant l\u2019obligation de gratification aux \u00e9tudiants des formations du social soit appliqu\u00e9 \u00e0 la rentr\u00e9e 2014 et a d\u00e9bloqu\u00e9 une enveloppe de 5,3 millions d\u2019euros \u00e0 destination des structures d\u2019accueil. <\/p>\n<p style= \"text-align: justify;\">Cette proposition de loi doit n\u00e9anmoins \u00eatre compl\u00e9t\u00e9e, et la CGT appelle les s\u00e9nateurs \u00e0 faire le m\u00eame travail d\u2019amendement que celui r\u00e9alis\u00e9 par les parlementaires. <\/p>\n<p style= \"text-align: justify;\">Il convient notamment de : <\/p>\n<p style= \"text-align: justify;\">*Limiter strictement le temps de travail \u00e0 35h et rendre exceptionnel le travail de nuit et le dimanche ;<br \/>\n*G\u00e9n\u00e9raliser l\u2019obligation de gratification aux \u00e9tudiants en sant\u00e9 qui sont d\u00e9sormais les derniers \u00e0 en \u00eatre exclus, ce qui constitue une rupture d\u2019\u00e9galit\u00e9 inacceptable ;<br \/>\n*Pr\u00e9voir les cas de requalification du stage en contrat de travail et renforcer les mentions devant figurer dans le registre unique du personnel ;<br \/>\n*Instaurer une gratification \u00e0 50% du SMIC d\u00e8s le 1er jour de stage et en augmenter le montant en fonction du niveau de qualification du stagiaire. <\/p>\n<p style= \"text-align: justify;\">Enfin, de nombreuses dispositions sont renvoy\u00e9es \u00e0 des d\u00e9crets : la CGT et son UGICT demandent donc \u00e0 \u00eatre consult\u00e9es pour leur r\u00e9daction. Les stagiaires ont attendu 10 ans pour avoir une loi, la publication des d\u00e9crets est donc particuli\u00e8rement urgente. <\/p>\n<p style= \"text-align: justify;\"> (Communiqu\u00e9 commun de la CGT et de l\u2019UGICT CGT) <\/p>\n","protected":false},"excerpt":{"rendered":"<p>Les d\u00e9put\u00e9s ont adopt\u00e9, lundi 24 f\u00e9vrier 2014, une loi pour r\u00e9glementer les stages en entreprise. Cette loi fait suite aux batailles men\u00e9es par la CGT et son UGICT avec les organisations de jeunesse depuis plus de 10 ans pour d\u00e9noncer les abus dont sont victimes les stagiaires. La loi reprend plusieurs propositions de la [&hellip;]<\/p>\n","protected":false},"author":1,"featured_media":0,"comment_status":"closed","ping_status":"open","sticky":false,"template":"","format":"standard","meta":{"footnotes":""},"categories":[8,5],"tags":[],"views":2913,"_links":{"self":[{"href":"http:\/\/www.cgt-hopital-manosque.fr\/index.php?rest_route=\/wp\/v2\/posts\/2346"}],"collection":[{"href":"http:\/\/www.cgt-hopital-manosque.fr\/index.php?rest_route=\/wp\/v2\/posts"}],"about":[{"href":"http:\/\/www.cgt-hopital-manosque.fr\/index.php?rest_route=\/wp\/v2\/types\/post"}],"author":[{"embeddable":true,"href":"http:\/\/www.cgt-hopital-manosque.fr\/index.php?rest_route=\/wp\/v2\/users\/1"}],"replies":[{"embeddable":true,"href":"http:\/\/www.cgt-hopital-manosque.fr\/index.php?rest_route=%2Fwp%2Fv2%2Fcomments&post=2346"}],"version-history":[{"count":3,"href":"http:\/\/www.cgt-hopital-manosque.fr\/index.php?rest_route=\/wp\/v2\/posts\/2346\/revisions"}],"predecessor-version":[{"id":2350,"href":"http:\/\/www.cgt-hopital-manosque.fr\/index.php?rest_route=\/wp\/v2\/posts\/2346\/revisions\/2350"}],"wp:attachment":[{"href":"http:\/\/www.cgt-hopital-manosque.fr\/index.php?rest_route=%2Fwp%2Fv2%2Fmedia&parent=2346"}],"wp:term":[{"taxonomy":"category","embeddable":true,"href":"http:\/\/www.cgt-hopital-manosque.fr\/index.php?rest_route=%2Fwp%2Fv2%2Fcategories&post=2346"},{"taxonomy":"post_tag","embeddable":true,"href":"http:\/\/www.cgt-hopital-manosque.fr\/index.php?rest_route=%2Fwp%2Fv2%2Ftags&post=2346"}],"curies":[{"name":"wp","href":"https:\/\/api.w.org\/{rel}","templated":true}]}}